{"id":8273,"date":"2025-10-22T21:34:21","date_gmt":"2025-10-22T19:34:21","guid":{"rendered":"https:\/\/molinspares.com\/laura-pares-e-marc-molins-analizzano-la-gestione-delle-spese-aziendali-in-el-pais\/"},"modified":"2025-11-30T20:33:35","modified_gmt":"2025-11-30T19:33:35","slug":"laura-pares-e-marc-molins-analizzano-la-gestione-delle-spese-aziendali-in-el-pais","status":"publish","type":"post","link":"https:\/\/molinspares.com\/it\/laura-pares-e-marc-molins-analizzano-la-gestione-delle-spese-aziendali-in-el-pais\/","title":{"rendered":"Laura Par\u00e9s e Marc Molins analizzano la gestione delle spese aziendali in El Pa\u00eds"},"content":{"rendered":"\n<p>I nostri soci amministratori, <strong>Laura Par\u00e9s<\/strong> e <strong>Marc Molins<\/strong>, hanno partecipato al servizio di <strong>El Pa\u00eds<\/strong>: <em>&#8220;Spese aziendali: in contanti o tramite bonifico? Fanno parte dello stipendio?<\/em> Durante il loro intervento, hanno fornito le loro prospettive in materia di <strong>fiscalit\u00e0, lavoro e conformit\u00e0<\/strong> nella gestione delle spese aziendali.<\/p>\n\n<p>Laura e Marc lo sottolineano:<\/p>\n\n<ul class=\"wp-block-list\">\n<li>&#8220;Sar\u00e0 sempre consigliabile spostare le operazioni sui mezzi di pagamento elettronici (POS, bonifici, carte aziendali, ecc.), in modo che la gestione del contante sia davvero residuale&#8221;.<\/li>\n\n\n\n<li>&#8220;Un pagamento in contanti, per quanto piccolo, sar\u00e0 rilevante a seconda della sua frequenza, del suo destinatario o della sua debole giustificazione&#8221;.<\/li>\n<\/ul>\n\n<p>In <strong>Molins &amp; Par\u00e9s<\/strong> crediamo fermamente che la <strong>chiarezza, la tracciabilit\u00e0 e la conformit\u00e0 normativa<\/strong> siano pilastri fondamentali della certezza del diritto per le aziende. Questo articolo mette in evidenza proprio queste sfide e siamo orgogliosi che Laura e Marc abbiano contribuito alla conversazione. <\/p>\n\n<p>Legga il rapporto completo qui: <a href=\"https:\/\/elpais.com\/economia\/mis-derechos\/2025-10-22\/gastos-de-empresa-en-metalico-o-por-transferencia-son-parte-del-salario.html\">https:\/\/elpais.com\/economia\/mis-derechos\/2025-10-22\/gastos-de-empresa-en-metalico-o-por-transferencia-son-parte-del-salario.html<\/a> <\/p>\n","protected":false},"excerpt":{"rendered":"<p>Sar\u00e0 sempre auspicabile passare a mezzi di pagamento elettronici, in modo che la gestione del contante sia residuale.<\/p>\n","protected":false},"author":1,"featured_media":8165,"comment_status":"open","ping_status":"open","sticky":false,"template":"","format":"standard","meta":{"footnotes":""},"categories":[138],"tags":[],"class_list":["post-8273","post","type-post","status-publish","format-standard","has-post-thumbnail","hentry","category-senza-categoria"],"yoast_head":"<!-- This site is optimized with the Yoast SEO Premium plugin v26.1 (Yoast SEO v27.2) - https:\/\/yoast.com\/product\/yoast-seo-premium-wordpress\/ -->\n<title>Spese commerciali: Laura Par\u00e9s e Marc Molins in El Pa\u00eds<\/title>\n<meta name=\"description\" content=\"Laura Par\u00e9s e Marc Molins commentano su El Pa\u00eds la gestione delle spese aziendali e l&#039;importanza della tracciabilit\u00e0 e della conformit\u00e0 normativa.\" \/>\n<meta name=\"robots\" content=\"index, follow, max-snippet:-1, max-image-preview:large, max-video-preview:-1\" \/>\n<link rel=\"canonical\" href=\"https:\/\/molinspares.com\/it\/laura-pares-e-marc-molins-analizzano-la-gestione-delle-spese-aziendali-in-el-pais\/\" \/>\n<meta property=\"og:locale\" content=\"it_IT\" \/>\n<meta property=\"og:type\" content=\"article\" \/>\n<meta property=\"og:title\" content=\"Laura Par\u00e9s e Marc Molins analizzano la gestione delle spese aziendali in El Pa\u00eds\" \/>\n<meta property=\"og:description\" content=\"Laura Par\u00e9s e Marc Molins commentano su El Pa\u00eds la gestione delle spese aziendali e l&#039;importanza della tracciabilit\u00e0 e della conformit\u00e0 normativa.\" \/>\n<meta property=\"og:url\" content=\"https:\/\/molinspares.com\/it\/laura-pares-e-marc-molins-analizzano-la-gestione-delle-spese-aziendali-in-el-pais\/\" \/>\n<meta property=\"og:site_name\" content=\"Molins Par\u00e9s - Despacho de Abogados Penalistas en Barcelona | Excelencia y Privacidad\" \/>\n<meta property=\"article:publisher\" content=\"https:\/\/www.facebook.com\/profile.php?id=100067944420137\" \/>\n<meta property=\"article:published_time\" content=\"2025-10-22T19:34:21+00:00\" \/>\n<meta property=\"article:modified_time\" content=\"2025-11-30T19:33:35+00:00\" \/>\n<meta property=\"og:image\" content=\"https:\/\/molinspares.com\/wp-content\/uploads\/gestion-de-gastos-de-empresa-en-El-Pais.jpg\" \/>\n\t<meta property=\"og:image:width\" content=\"800\" \/>\n\t<meta property=\"og:image:height\" content=\"600\" \/>\n\t<meta property=\"og:image:type\" content=\"image\/jpeg\" \/>\n<meta name=\"author\" content=\"Molins&amp;Par\u00e9s\" \/>\n<meta name=\"twitter:card\" content=\"summary_large_image\" \/>\n<meta name=\"twitter:label1\" content=\"Scritto da\" \/>\n\t<meta name=\"twitter:data1\" content=\"Molins&amp;Par\u00e9s\" \/>\n\t<meta name=\"twitter:label2\" content=\"Tempo di lettura stimato\" \/>\n\t<meta name=\"twitter:data2\" content=\"1 minuto\" \/>\n<script type=\"application\/ld+json\" class=\"yoast-schema-graph\">{\"@context\":\"https:\/\/schema.org\",\"@graph\":[{\"@type\":\"Article\",\"@id\":\"https:\/\/molinspares.com\/it\/laura-pares-e-marc-molins-analizzano-la-gestione-delle-spese-aziendali-in-el-pais\/#article\",\"isPartOf\":{\"@id\":\"https:\/\/molinspares.com\/it\/laura-pares-e-marc-molins-analizzano-la-gestione-delle-spese-aziendali-in-el-pais\/\"},\"author\":{\"name\":\"Molins&amp;Par\u00e9s\",\"@id\":\"https:\/\/molinspares.com\/it\/#\/schema\/person\/cc1378767548aa873b6048b9a7b3f1dd\"},\"headline\":\"Laura Par\u00e9s e Marc Molins analizzano la gestione delle spese aziendali in El Pa\u00eds\",\"datePublished\":\"2025-10-22T19:34:21+00:00\",\"dateModified\":\"2025-11-30T19:33:35+00:00\",\"mainEntityOfPage\":{\"@id\":\"https:\/\/molinspares.com\/it\/laura-pares-e-marc-molins-analizzano-la-gestione-delle-spese-aziendali-in-el-pais\/\"},\"wordCount\":178,\"commentCount\":0,\"publisher\":{\"@id\":\"https:\/\/molinspares.com\/it\/#organization\"},\"image\":{\"@id\":\"https:\/\/molinspares.com\/it\/laura-pares-e-marc-molins-analizzano-la-gestione-delle-spese-aziendali-in-el-pais\/#primaryimage\"},\"thumbnailUrl\":\"https:\/\/molinspares.com\/wp-content\/uploads\/gestion-de-gastos-de-empresa-en-El-Pais.jpg\",\"inLanguage\":\"it-IT\",\"potentialAction\":[{\"@type\":\"CommentAction\",\"name\":\"Comment\",\"target\":[\"https:\/\/molinspares.com\/it\/laura-pares-e-marc-molins-analizzano-la-gestione-delle-spese-aziendali-in-el-pais\/#respond\"]}]},{\"@type\":\"WebPage\",\"@id\":\"https:\/\/molinspares.com\/it\/laura-pares-e-marc-molins-analizzano-la-gestione-delle-spese-aziendali-in-el-pais\/\",\"url\":\"https:\/\/molinspares.com\/it\/laura-pares-e-marc-molins-analizzano-la-gestione-delle-spese-aziendali-in-el-pais\/\",\"name\":\"Spese commerciali: Laura Par\u00e9s e Marc Molins in El Pa\u00eds\",\"isPartOf\":{\"@id\":\"https:\/\/molinspares.com\/it\/#website\"},\"primaryImageOfPage\":{\"@id\":\"https:\/\/molinspares.com\/it\/laura-pares-e-marc-molins-analizzano-la-gestione-delle-spese-aziendali-in-el-pais\/#primaryimage\"},\"image\":{\"@id\":\"https:\/\/molinspares.com\/it\/laura-pares-e-marc-molins-analizzano-la-gestione-delle-spese-aziendali-in-el-pais\/#primaryimage\"},\"thumbnailUrl\":\"https:\/\/molinspares.com\/wp-content\/uploads\/gestion-de-gastos-de-empresa-en-El-Pais.jpg\",\"datePublished\":\"2025-10-22T19:34:21+00:00\",\"dateModified\":\"2025-11-30T19:33:35+00:00\",\"description\":\"Laura Par\u00e9s e Marc Molins commentano su El Pa\u00eds la gestione delle spese aziendali e l'importanza della tracciabilit\u00e0 e della conformit\u00e0 normativa.\",\"breadcrumb\":{\"@id\":\"https:\/\/molinspares.com\/it\/laura-pares-e-marc-molins-analizzano-la-gestione-delle-spese-aziendali-in-el-pais\/#breadcrumb\"},\"inLanguage\":\"it-IT\",\"potentialAction\":[{\"@type\":\"ReadAction\",\"target\":[\"https:\/\/molinspares.com\/it\/laura-pares-e-marc-molins-analizzano-la-gestione-delle-spese-aziendali-in-el-pais\/\"]}]},{\"@type\":\"ImageObject\",\"inLanguage\":\"it-IT\",\"@id\":\"https:\/\/molinspares.com\/it\/laura-pares-e-marc-molins-analizzano-la-gestione-delle-spese-aziendali-in-el-pais\/#primaryimage\",\"url\":\"https:\/\/molinspares.com\/wp-content\/uploads\/gestion-de-gastos-de-empresa-en-El-Pais.jpg\",\"contentUrl\":\"https:\/\/molinspares.com\/wp-content\/uploads\/gestion-de-gastos-de-empresa-en-El-Pais.jpg\",\"width\":800,\"height\":600,\"caption\":\"Gastos de empresa: Laura Par\u00e9s y Marc Molins en El Pa\u00eds\"},{\"@type\":\"BreadcrumbList\",\"@id\":\"https:\/\/molinspares.com\/it\/laura-pares-e-marc-molins-analizzano-la-gestione-delle-spese-aziendali-in-el-pais\/#breadcrumb\",\"itemListElement\":[{\"@type\":\"ListItem\",\"position\":1,\"name\":\"Portada\",\"item\":\"https:\/\/molinspares.com\/it\/\"},{\"@type\":\"ListItem\",\"position\":2,\"name\":\"Laura Par\u00e9s e Marc Molins analizzano la gestione delle spese aziendali in El Pa\u00eds\"}]},{\"@type\":\"WebSite\",\"@id\":\"https:\/\/molinspares.com\/it\/#website\",\"url\":\"https:\/\/molinspares.com\/it\/\",\"name\":\"Molins & Par\u00e9s - Despacho de Abogados Penalistas en Barcelona\",\"description\":\"En Molins &amp; Par\u00e9s somos especialistas en derecho penal. Garantizamos la privacidad del cliente y la m\u00e1xima excelencia en cada caso. \u00a1Cont\u00e1ctanos!\",\"publisher\":{\"@id\":\"https:\/\/molinspares.com\/it\/#organization\"},\"alternateName\":\"Molins & Par\u00e9s\",\"potentialAction\":[{\"@type\":\"SearchAction\",\"target\":{\"@type\":\"EntryPoint\",\"urlTemplate\":\"https:\/\/molinspares.com\/it\/?s={search_term_string}\"},\"query-input\":{\"@type\":\"PropertyValueSpecification\",\"valueRequired\":true,\"valueName\":\"search_term_string\"}}],\"inLanguage\":\"it-IT\"},{\"@type\":\"Organization\",\"@id\":\"https:\/\/molinspares.com\/it\/#organization\",\"name\":\"Molins & Par\u00e9s - Despacho de Abogados Penalistas en Barcelona\",\"alternateName\":\"Molins & Par\u00e9s\",\"url\":\"https:\/\/molinspares.com\/it\/\",\"logo\":{\"@type\":\"ImageObject\",\"inLanguage\":\"it-IT\",\"@id\":\"https:\/\/molinspares.com\/it\/#\/schema\/logo\/image\/\",\"url\":\"https:\/\/molinspares.com\/wp-content\/uploads\/logo_MolinsPares-2.jpg\",\"contentUrl\":\"https:\/\/molinspares.com\/wp-content\/uploads\/logo_MolinsPares-2.jpg\",\"width\":512,\"height\":512,\"caption\":\"Molins & Par\u00e9s - Despacho de Abogados Penalistas en Barcelona\"},\"image\":{\"@id\":\"https:\/\/molinspares.com\/it\/#\/schema\/logo\/image\/\"},\"sameAs\":[\"https:\/\/www.facebook.com\/profile.php?id=100067944420137\",\"https:\/\/www.linkedin.com\/in\/molins-pars-penal-compliance-44383b65\/\"],\"publishingPrinciples\":\"https:\/\/molinspares.com\/politica-privacidad\/\",\"ownershipFundingInfo\":\"https:\/\/molinspares.com\/politica-privacidad\/\",\"actionableFeedbackPolicy\":\"https:\/\/molinspares.com\/politica-privacidad\/\",\"correctionsPolicy\":\"https:\/\/molinspares.com\/politica-privacidad\/\",\"ethicsPolicy\":\"https:\/\/molinspares.com\/politica-privacidad\/\",\"diversityPolicy\":\"https:\/\/molinspares.com\/politica-privacidad\/\",\"diversityStaffingReport\":\"https:\/\/molinspares.com\/politica-privacidad\/\"},{\"@type\":\"Person\",\"@id\":\"https:\/\/molinspares.com\/it\/#\/schema\/person\/cc1378767548aa873b6048b9a7b3f1dd\",\"name\":\"Molins&amp;Par\u00e9s\",\"image\":{\"@type\":\"ImageObject\",\"inLanguage\":\"it-IT\",\"@id\":\"https:\/\/secure.gravatar.com\/avatar\/873d1b1df79338907d31479fd75594758362584c0eee250b6f7bc08184c057ed?s=96&d=mm&r=g\",\"url\":\"https:\/\/secure.gravatar.com\/avatar\/873d1b1df79338907d31479fd75594758362584c0eee250b6f7bc08184c057ed?s=96&d=mm&r=g\",\"contentUrl\":\"https:\/\/secure.gravatar.com\/avatar\/873d1b1df79338907d31479fd75594758362584c0eee250b6f7bc08184c057ed?s=96&d=mm&r=g\",\"caption\":\"Molins&amp;Par\u00e9s\"},\"sameAs\":[\"https:\/\/molinspares.com\"],\"url\":\"https:\/\/molinspares.com\/it\/author\/martin-lr\/\"}]}<\/script>\n<!-- \/ Yoast SEO Premium plugin. -->","yoast_head_json":{"title":"Spese commerciali: Laura Par\u00e9s e Marc Molins in El Pa\u00eds","description":"Laura Par\u00e9s e Marc Molins commentano su El Pa\u00eds la gestione delle spese aziendali e l'importanza della tracciabilit\u00e0 e della conformit\u00e0 normativa.","robots":{"index":"index","follow":"follow","max-snippet":"max-snippet:-1","max-image-preview":"max-image-preview:large","max-video-preview":"max-video-preview:-1"},"canonical":"https:\/\/molinspares.com\/it\/laura-pares-e-marc-molins-analizzano-la-gestione-delle-spese-aziendali-in-el-pais\/","og_locale":"it_IT","og_type":"article","og_title":"Laura Par\u00e9s e Marc Molins analizzano la gestione delle spese aziendali in El Pa\u00eds","og_description":"Laura Par\u00e9s e Marc Molins commentano su El Pa\u00eds la gestione delle spese aziendali e l'importanza della tracciabilit\u00e0 e della conformit\u00e0 normativa.","og_url":"https:\/\/molinspares.com\/it\/laura-pares-e-marc-molins-analizzano-la-gestione-delle-spese-aziendali-in-el-pais\/","og_site_name":"Molins Par\u00e9s - Despacho de Abogados Penalistas en Barcelona | Excelencia y Privacidad","article_publisher":"https:\/\/www.facebook.com\/profile.php?id=100067944420137","article_published_time":"2025-10-22T19:34:21+00:00","article_modified_time":"2025-11-30T19:33:35+00:00","og_image":[{"width":800,"height":600,"url":"https:\/\/molinspares.com\/wp-content\/uploads\/gestion-de-gastos-de-empresa-en-El-Pais.jpg","type":"image\/jpeg"}],"author":"Molins&amp;Par\u00e9s","twitter_card":"summary_large_image","twitter_misc":{"Scritto da":"Molins&amp;Par\u00e9s","Tempo di lettura stimato":"1 minuto"},"schema":{"@context":"https:\/\/schema.org","@graph":[{"@type":"Article","@id":"https:\/\/molinspares.com\/it\/laura-pares-e-marc-molins-analizzano-la-gestione-delle-spese-aziendali-in-el-pais\/#article","isPartOf":{"@id":"https:\/\/molinspares.com\/it\/laura-pares-e-marc-molins-analizzano-la-gestione-delle-spese-aziendali-in-el-pais\/"},"author":{"name":"Molins&amp;Par\u00e9s","@id":"https:\/\/molinspares.com\/it\/#\/schema\/person\/cc1378767548aa873b6048b9a7b3f1dd"},"headline":"Laura Par\u00e9s e Marc Molins analizzano la gestione delle spese aziendali in El Pa\u00eds","datePublished":"2025-10-22T19:34:21+00:00","dateModified":"2025-11-30T19:33:35+00:00","mainEntityOfPage":{"@id":"https:\/\/molinspares.com\/it\/laura-pares-e-marc-molins-analizzano-la-gestione-delle-spese-aziendali-in-el-pais\/"},"wordCount":178,"commentCount":0,"publisher":{"@id":"https:\/\/molinspares.com\/it\/#organization"},"image":{"@id":"https:\/\/molinspares.com\/it\/laura-pares-e-marc-molins-analizzano-la-gestione-delle-spese-aziendali-in-el-pais\/#primaryimage"},"thumbnailUrl":"https:\/\/molinspares.com\/wp-content\/uploads\/gestion-de-gastos-de-empresa-en-El-Pais.jpg","inLanguage":"it-IT","potentialAction":[{"@type":"CommentAction","name":"Comment","target":["https:\/\/molinspares.com\/it\/laura-pares-e-marc-molins-analizzano-la-gestione-delle-spese-aziendali-in-el-pais\/#respond"]}]},{"@type":"WebPage","@id":"https:\/\/molinspares.com\/it\/laura-pares-e-marc-molins-analizzano-la-gestione-delle-spese-aziendali-in-el-pais\/","url":"https:\/\/molinspares.com\/it\/laura-pares-e-marc-molins-analizzano-la-gestione-delle-spese-aziendali-in-el-pais\/","name":"Spese commerciali: Laura Par\u00e9s e Marc Molins in El Pa\u00eds","isPartOf":{"@id":"https:\/\/molinspares.com\/it\/#website"},"primaryImageOfPage":{"@id":"https:\/\/molinspares.com\/it\/laura-pares-e-marc-molins-analizzano-la-gestione-delle-spese-aziendali-in-el-pais\/#primaryimage"},"image":{"@id":"https:\/\/molinspares.com\/it\/laura-pares-e-marc-molins-analizzano-la-gestione-delle-spese-aziendali-in-el-pais\/#primaryimage"},"thumbnailUrl":"https:\/\/molinspares.com\/wp-content\/uploads\/gestion-de-gastos-de-empresa-en-El-Pais.jpg","datePublished":"2025-10-22T19:34:21+00:00","dateModified":"2025-11-30T19:33:35+00:00","description":"Laura Par\u00e9s e Marc Molins commentano su El Pa\u00eds la gestione delle spese aziendali e l'importanza della tracciabilit\u00e0 e della conformit\u00e0 normativa.","breadcrumb":{"@id":"https:\/\/molinspares.com\/it\/laura-pares-e-marc-molins-analizzano-la-gestione-delle-spese-aziendali-in-el-pais\/#breadcrumb"},"inLanguage":"it-IT","potentialAction":[{"@type":"ReadAction","target":["https:\/\/molinspares.com\/it\/laura-pares-e-marc-molins-analizzano-la-gestione-delle-spese-aziendali-in-el-pais\/"]}]},{"@type":"ImageObject","inLanguage":"it-IT","@id":"https:\/\/molinspares.com\/it\/laura-pares-e-marc-molins-analizzano-la-gestione-delle-spese-aziendali-in-el-pais\/#primaryimage","url":"https:\/\/molinspares.com\/wp-content\/uploads\/gestion-de-gastos-de-empresa-en-El-Pais.jpg","contentUrl":"https:\/\/molinspares.com\/wp-content\/uploads\/gestion-de-gastos-de-empresa-en-El-Pais.jpg","width":800,"height":600,"caption":"Gastos de empresa: Laura Par\u00e9s y Marc Molins en El Pa\u00eds"},{"@type":"BreadcrumbList","@id":"https:\/\/molinspares.com\/it\/laura-pares-e-marc-molins-analizzano-la-gestione-delle-spese-aziendali-in-el-pais\/#breadcrumb","itemListElement":[{"@type":"ListItem","position":1,"name":"Portada","item":"https:\/\/molinspares.com\/it\/"},{"@type":"ListItem","position":2,"name":"Laura Par\u00e9s e Marc Molins analizzano la gestione delle spese aziendali in El Pa\u00eds"}]},{"@type":"WebSite","@id":"https:\/\/molinspares.com\/it\/#website","url":"https:\/\/molinspares.com\/it\/","name":"Molins & Par\u00e9s - Despacho de Abogados Penalistas en Barcelona","description":"En Molins &amp; Par\u00e9s somos especialistas en derecho penal. Garantizamos la privacidad del cliente y la m\u00e1xima excelencia en cada caso. \u00a1Cont\u00e1ctanos!","publisher":{"@id":"https:\/\/molinspares.com\/it\/#organization"},"alternateName":"Molins & Par\u00e9s","potentialAction":[{"@type":"SearchAction","target":{"@type":"EntryPoint","urlTemplate":"https:\/\/molinspares.com\/it\/?s={search_term_string}"},"query-input":{"@type":"PropertyValueSpecification","valueRequired":true,"valueName":"search_term_string"}}],"inLanguage":"it-IT"},{"@type":"Organization","@id":"https:\/\/molinspares.com\/it\/#organization","name":"Molins & Par\u00e9s - Despacho de Abogados Penalistas en Barcelona","alternateName":"Molins & Par\u00e9s","url":"https:\/\/molinspares.com\/it\/","logo":{"@type":"ImageObject","inLanguage":"it-IT","@id":"https:\/\/molinspares.com\/it\/#\/schema\/logo\/image\/","url":"https:\/\/molinspares.com\/wp-content\/uploads\/logo_MolinsPares-2.jpg","contentUrl":"https:\/\/molinspares.com\/wp-content\/uploads\/logo_MolinsPares-2.jpg","width":512,"height":512,"caption":"Molins & Par\u00e9s - Despacho de Abogados Penalistas en Barcelona"},"image":{"@id":"https:\/\/molinspares.com\/it\/#\/schema\/logo\/image\/"},"sameAs":["https:\/\/www.facebook.com\/profile.php?id=100067944420137","https:\/\/www.linkedin.com\/in\/molins-pars-penal-compliance-44383b65\/"],"publishingPrinciples":"https:\/\/molinspares.com\/politica-privacidad\/","ownershipFundingInfo":"https:\/\/molinspares.com\/politica-privacidad\/","actionableFeedbackPolicy":"https:\/\/molinspares.com\/politica-privacidad\/","correctionsPolicy":"https:\/\/molinspares.com\/politica-privacidad\/","ethicsPolicy":"https:\/\/molinspares.com\/politica-privacidad\/","diversityPolicy":"https:\/\/molinspares.com\/politica-privacidad\/","diversityStaffingReport":"https:\/\/molinspares.com\/politica-privacidad\/"},{"@type":"Person","@id":"https:\/\/molinspares.com\/it\/#\/schema\/person\/cc1378767548aa873b6048b9a7b3f1dd","name":"Molins&amp;Par\u00e9s","image":{"@type":"ImageObject","inLanguage":"it-IT","@id":"https:\/\/secure.gravatar.com\/avatar\/873d1b1df79338907d31479fd75594758362584c0eee250b6f7bc08184c057ed?s=96&d=mm&r=g","url":"https:\/\/secure.gravatar.com\/avatar\/873d1b1df79338907d31479fd75594758362584c0eee250b6f7bc08184c057ed?s=96&d=mm&r=g","contentUrl":"https:\/\/secure.gravatar.com\/avatar\/873d1b1df79338907d31479fd75594758362584c0eee250b6f7bc08184c057ed?s=96&d=mm&r=g","caption":"Molins&amp;Par\u00e9s"},"sameAs":["https:\/\/molinspares.com"],"url":"https:\/\/molinspares.com\/it\/author\/martin-lr\/"}]}},"_links":{"self":[{"href":"https:\/\/molinspares.com\/it\/wp-json\/wp\/v2\/posts\/8273","targetHints":{"allow":["GET"]}}],"collection":[{"href":"https:\/\/molinspares.com\/it\/wp-json\/wp\/v2\/posts"}],"about":[{"href":"https:\/\/molinspares.com\/it\/wp-json\/wp\/v2\/types\/post"}],"author":[{"embeddable":true,"href":"https:\/\/molinspares.com\/it\/wp-json\/wp\/v2\/users\/1"}],"replies":[{"embeddable":true,"href":"https:\/\/molinspares.com\/it\/wp-json\/wp\/v2\/comments?post=8273"}],"version-history":[{"count":1,"href":"https:\/\/molinspares.com\/it\/wp-json\/wp\/v2\/posts\/8273\/revisions"}],"predecessor-version":[{"id":8274,"href":"https:\/\/molinspares.com\/it\/wp-json\/wp\/v2\/posts\/8273\/revisions\/8274"}],"wp:featuredmedia":[{"embeddable":true,"href":"https:\/\/molinspares.com\/it\/wp-json\/wp\/v2\/media\/8165"}],"wp:attachment":[{"href":"https:\/\/molinspares.com\/it\/wp-json\/wp\/v2\/media?parent=8273"}],"wp:term":[{"taxonomy":"category","embeddable":true,"href":"https:\/\/molinspares.com\/it\/wp-json\/wp\/v2\/categories?post=8273"},{"taxonomy":"post_tag","embeddable":true,"href":"https:\/\/molinspares.com\/it\/wp-json\/wp\/v2\/tags?post=8273"}],"curies":[{"name":"wp","href":"https:\/\/api.w.org\/{rel}","templated":true}]}}