{"id":8265,"date":"2025-11-10T10:06:00","date_gmt":"2025-11-10T09:06:00","guid":{"rendered":"https:\/\/molinspares.com\/marc-molins-fornisce-la-sua-analisi-giuridica-al-cafe-didees-di-rtve\/"},"modified":"2026-01-22T19:46:42","modified_gmt":"2026-01-22T18:46:42","slug":"marc-molins-fornisce-la-sua-analisi-giuridica-al-cafe-didees-di-rtve","status":"publish","type":"post","link":"https:\/\/molinspares.com\/it\/marc-molins-fornisce-la-sua-analisi-giuridica-al-cafe-didees-di-rtve\/","title":{"rendered":"Marc Molins fornisce la sua analisi giuridica al Caf\u00e9 d&#8217;idees di RTVE."},"content":{"rendered":"\n<p>Il nostro socio dirigente, <strong>Marc Molins<\/strong>, ha partecipato al programma RTVE Caf\u00e9 d&#8217;idees con Gemma Nierga, dove ha offerto un&#8217;analisi giuridica su questioni di grande rilevanza istituzionale.<\/p>\n\n<p>Durante l&#8217;intervista, Marc ha sostenuto che <strong>il Procuratore Generale \u00c1lvaro Garc\u00eda Ortiz dovrebbe essere assolto<\/strong>, sottolineando che non ci sono prove dirette contro di lui, ma piuttosto prove che devono essere valutate in un processo.<\/p>\n\n<p>Ha anche analizzato l&#8217;apparizione del <strong>presidente valenciano Carlos Maz\u00f3n<\/strong> per la gestione della DANA, sottolineando che potrebbe preparare la sua strategia giudiziaria.<\/p>\n\n<p>\ud83d\udc49 Guardi l&#8217;intervista completa su <a href=\"https:\/\/www.rtve.es\/play\/videos\/cafe-didees\/gemma-nierga-entrevista-marc-molins-isabel-palacios\/16798318\/\" target=\"_blank\" rel=\"noreferrer noopener\">Caf\u00e9 d&#8217;idees (RTVE Play).<\/a><\/p>\n\n<p><\/p>\n","protected":false},"excerpt":{"rendered":"<p>\u201cNon esiste una prova diretta a carico del Procuratore Generale dello Stato; gli indizi devono essere valutati in giudizio.\u201d \u2013 Marc Molins<\/p>\n","protected":false},"author":1,"featured_media":8257,"comment_status":"open","ping_status":"open","sticky":false,"template":"","format":"standard","meta":{"footnotes":""},"categories":[138],"tags":[],"class_list":["post-8265","post","type-post","status-publish","format-standard","has-post-thumbnail","hentry","category-senza-categoria"],"yoast_head":"<!-- This site is optimized with the Yoast SEO Premium plugin v26.1 (Yoast SEO v27.2) - https:\/\/yoast.com\/product\/yoast-seo-premium-wordpress\/ -->\n<title>Marc Molins analizza i casi legali rilevanti a RTVE<\/title>\n<meta name=\"description\" content=\"Marc Molins offre il suo punto di vista legale sull&#039;assoluzione del Procuratore Generale e della direzione della DANA nel Caf\u00e9 d&#039;idees di RTVE.\" \/>\n<meta name=\"robots\" content=\"index, follow, max-snippet:-1, max-image-preview:large, max-video-preview:-1\" \/>\n<link rel=\"canonical\" href=\"https:\/\/molinspares.com\/it\/marc-molins-fornisce-la-sua-analisi-giuridica-al-cafe-didees-di-rtve\/\" \/>\n<meta property=\"og:locale\" content=\"it_IT\" \/>\n<meta property=\"og:type\" content=\"article\" \/>\n<meta property=\"og:title\" content=\"Analisi giuridica di Marc Molins su casi di rilevanza istituzionale\" \/>\n<meta property=\"og:description\" content=\"Non esiste una prova diretta a carico del Procuratore Generale dello Stato; gli indizi devono essere valutati in giudizio.\" \/>\n<meta property=\"og:url\" content=\"https:\/\/molinspares.com\/it\/marc-molins-fornisce-la-sua-analisi-giuridica-al-cafe-didees-di-rtve\/\" \/>\n<meta property=\"og:site_name\" content=\"Molins Par\u00e9s - Despacho de Abogados Penalistas en Barcelona | Excelencia y Privacidad\" \/>\n<meta property=\"article:publisher\" content=\"https:\/\/www.facebook.com\/profile.php?id=100067944420137\" \/>\n<meta property=\"article:published_time\" content=\"2025-11-10T09:06:00+00:00\" \/>\n<meta property=\"article:modified_time\" content=\"2026-01-22T18:46:42+00:00\" \/>\n<meta property=\"og:image\" content=\"https:\/\/molinspares.com\/wp-content\/uploads\/Analisis-juridico-de-Marc-Molins-sobre-casos-de-relevancia-institucional-en-RTVE.png\" \/>\n\t<meta property=\"og:image:width\" content=\"800\" \/>\n\t<meta property=\"og:image:height\" content=\"600\" \/>\n\t<meta property=\"og:image:type\" content=\"image\/png\" \/>\n<meta name=\"author\" content=\"Molins&amp;Par\u00e9s\" \/>\n<meta name=\"twitter:card\" content=\"summary_large_image\" \/>\n<meta name=\"twitter:title\" content=\"Marc Molins fornisce la sua analisi giuridica al Caf\u00e9 d&#039;idees di RTVE.\" \/>\n<meta name=\"twitter:label1\" content=\"Scritto da\" \/>\n\t<meta name=\"twitter:data1\" content=\"Molins&amp;Par\u00e9s\" \/>\n<script type=\"application\/ld+json\" class=\"yoast-schema-graph\">{\"@context\":\"https:\/\/schema.org\",\"@graph\":[{\"@type\":\"Article\",\"@id\":\"https:\/\/molinspares.com\/it\/marc-molins-fornisce-la-sua-analisi-giuridica-al-cafe-didees-di-rtve\/#article\",\"isPartOf\":{\"@id\":\"https:\/\/molinspares.com\/it\/marc-molins-fornisce-la-sua-analisi-giuridica-al-cafe-didees-di-rtve\/\"},\"author\":{\"name\":\"Molins&amp;Par\u00e9s\",\"@id\":\"https:\/\/molinspares.com\/it\/#\/schema\/person\/cc1378767548aa873b6048b9a7b3f1dd\"},\"headline\":\"Marc Molins fornisce la sua analisi giuridica al Caf\u00e9 d&#8217;idees di RTVE.\",\"datePublished\":\"2025-11-10T09:06:00+00:00\",\"dateModified\":\"2026-01-22T18:46:42+00:00\",\"mainEntityOfPage\":{\"@id\":\"https:\/\/molinspares.com\/it\/marc-molins-fornisce-la-sua-analisi-giuridica-al-cafe-didees-di-rtve\/\"},\"wordCount\":113,\"commentCount\":0,\"publisher\":{\"@id\":\"https:\/\/molinspares.com\/it\/#organization\"},\"image\":{\"@id\":\"https:\/\/molinspares.com\/it\/marc-molins-fornisce-la-sua-analisi-giuridica-al-cafe-didees-di-rtve\/#primaryimage\"},\"thumbnailUrl\":\"https:\/\/molinspares.com\/wp-content\/uploads\/Analisis-juridico-de-Marc-Molins-sobre-casos-de-relevancia-institucional-en-RTVE.png\",\"inLanguage\":\"it-IT\",\"potentialAction\":[{\"@type\":\"CommentAction\",\"name\":\"Comment\",\"target\":[\"https:\/\/molinspares.com\/it\/marc-molins-fornisce-la-sua-analisi-giuridica-al-cafe-didees-di-rtve\/#respond\"]}]},{\"@type\":\"WebPage\",\"@id\":\"https:\/\/molinspares.com\/it\/marc-molins-fornisce-la-sua-analisi-giuridica-al-cafe-didees-di-rtve\/\",\"url\":\"https:\/\/molinspares.com\/it\/marc-molins-fornisce-la-sua-analisi-giuridica-al-cafe-didees-di-rtve\/\",\"name\":\"Marc Molins analizza i casi legali rilevanti a RTVE\",\"isPartOf\":{\"@id\":\"https:\/\/molinspares.com\/it\/#website\"},\"primaryImageOfPage\":{\"@id\":\"https:\/\/molinspares.com\/it\/marc-molins-fornisce-la-sua-analisi-giuridica-al-cafe-didees-di-rtve\/#primaryimage\"},\"image\":{\"@id\":\"https:\/\/molinspares.com\/it\/marc-molins-fornisce-la-sua-analisi-giuridica-al-cafe-didees-di-rtve\/#primaryimage\"},\"thumbnailUrl\":\"https:\/\/molinspares.com\/wp-content\/uploads\/Analisis-juridico-de-Marc-Molins-sobre-casos-de-relevancia-institucional-en-RTVE.png\",\"datePublished\":\"2025-11-10T09:06:00+00:00\",\"dateModified\":\"2026-01-22T18:46:42+00:00\",\"description\":\"Marc Molins offre il suo punto di vista legale sull'assoluzione del Procuratore Generale e della direzione della DANA nel Caf\u00e9 d'idees di RTVE.\",\"breadcrumb\":{\"@id\":\"https:\/\/molinspares.com\/it\/marc-molins-fornisce-la-sua-analisi-giuridica-al-cafe-didees-di-rtve\/#breadcrumb\"},\"inLanguage\":\"it-IT\",\"potentialAction\":[{\"@type\":\"ReadAction\",\"target\":[\"https:\/\/molinspares.com\/it\/marc-molins-fornisce-la-sua-analisi-giuridica-al-cafe-didees-di-rtve\/\"]}]},{\"@type\":\"ImageObject\",\"inLanguage\":\"it-IT\",\"@id\":\"https:\/\/molinspares.com\/it\/marc-molins-fornisce-la-sua-analisi-giuridica-al-cafe-didees-di-rtve\/#primaryimage\",\"url\":\"https:\/\/molinspares.com\/wp-content\/uploads\/Analisis-juridico-de-Marc-Molins-sobre-casos-de-relevancia-institucional-en-RTVE.png\",\"contentUrl\":\"https:\/\/molinspares.com\/wp-content\/uploads\/Analisis-juridico-de-Marc-Molins-sobre-casos-de-relevancia-institucional-en-RTVE.png\",\"width\":800,\"height\":600,\"caption\":\"Marc Molins comenta la situaci\u00f3n del Fiscal General y la comparecencia de Carlos Maz\u00f3n en RTVE, aportando su visi\u00f3n jur\u00eddica.\"},{\"@type\":\"BreadcrumbList\",\"@id\":\"https:\/\/molinspares.com\/it\/marc-molins-fornisce-la-sua-analisi-giuridica-al-cafe-didees-di-rtve\/#breadcrumb\",\"itemListElement\":[{\"@type\":\"ListItem\",\"position\":1,\"name\":\"Portada\",\"item\":\"https:\/\/molinspares.com\/it\/\"},{\"@type\":\"ListItem\",\"position\":2,\"name\":\"Marc Molins fornisce la sua analisi giuridica al Caf\u00e9 d&#8217;idees di RTVE.\"}]},{\"@type\":\"WebSite\",\"@id\":\"https:\/\/molinspares.com\/it\/#website\",\"url\":\"https:\/\/molinspares.com\/it\/\",\"name\":\"Molins & Par\u00e9s - Despacho de Abogados Penalistas en Barcelona\",\"description\":\"En Molins &amp; Par\u00e9s somos especialistas en derecho penal. Garantizamos la privacidad del cliente y la m\u00e1xima excelencia en cada caso. \u00a1Cont\u00e1ctanos!\",\"publisher\":{\"@id\":\"https:\/\/molinspares.com\/it\/#organization\"},\"alternateName\":\"Molins & Par\u00e9s\",\"potentialAction\":[{\"@type\":\"SearchAction\",\"target\":{\"@type\":\"EntryPoint\",\"urlTemplate\":\"https:\/\/molinspares.com\/it\/?s={search_term_string}\"},\"query-input\":{\"@type\":\"PropertyValueSpecification\",\"valueRequired\":true,\"valueName\":\"search_term_string\"}}],\"inLanguage\":\"it-IT\"},{\"@type\":\"Organization\",\"@id\":\"https:\/\/molinspares.com\/it\/#organization\",\"name\":\"Molins & Par\u00e9s - Despacho de Abogados Penalistas en Barcelona\",\"alternateName\":\"Molins & Par\u00e9s\",\"url\":\"https:\/\/molinspares.com\/it\/\",\"logo\":{\"@type\":\"ImageObject\",\"inLanguage\":\"it-IT\",\"@id\":\"https:\/\/molinspares.com\/it\/#\/schema\/logo\/image\/\",\"url\":\"https:\/\/molinspares.com\/wp-content\/uploads\/logo_MolinsPares-2.jpg\",\"contentUrl\":\"https:\/\/molinspares.com\/wp-content\/uploads\/logo_MolinsPares-2.jpg\",\"width\":512,\"height\":512,\"caption\":\"Molins & Par\u00e9s - Despacho de Abogados Penalistas en Barcelona\"},\"image\":{\"@id\":\"https:\/\/molinspares.com\/it\/#\/schema\/logo\/image\/\"},\"sameAs\":[\"https:\/\/www.facebook.com\/profile.php?id=100067944420137\",\"https:\/\/www.linkedin.com\/in\/molins-pars-penal-compliance-44383b65\/\"],\"publishingPrinciples\":\"https:\/\/molinspares.com\/politica-privacidad\/\",\"ownershipFundingInfo\":\"https:\/\/molinspares.com\/politica-privacidad\/\",\"actionableFeedbackPolicy\":\"https:\/\/molinspares.com\/politica-privacidad\/\",\"correctionsPolicy\":\"https:\/\/molinspares.com\/politica-privacidad\/\",\"ethicsPolicy\":\"https:\/\/molinspares.com\/politica-privacidad\/\",\"diversityPolicy\":\"https:\/\/molinspares.com\/politica-privacidad\/\",\"diversityStaffingReport\":\"https:\/\/molinspares.com\/politica-privacidad\/\"},{\"@type\":\"Person\",\"@id\":\"https:\/\/molinspares.com\/it\/#\/schema\/person\/cc1378767548aa873b6048b9a7b3f1dd\",\"name\":\"Molins&amp;Par\u00e9s\",\"image\":{\"@type\":\"ImageObject\",\"inLanguage\":\"it-IT\",\"@id\":\"https:\/\/secure.gravatar.com\/avatar\/873d1b1df79338907d31479fd75594758362584c0eee250b6f7bc08184c057ed?s=96&d=mm&r=g\",\"url\":\"https:\/\/secure.gravatar.com\/avatar\/873d1b1df79338907d31479fd75594758362584c0eee250b6f7bc08184c057ed?s=96&d=mm&r=g\",\"contentUrl\":\"https:\/\/secure.gravatar.com\/avatar\/873d1b1df79338907d31479fd75594758362584c0eee250b6f7bc08184c057ed?s=96&d=mm&r=g\",\"caption\":\"Molins&amp;Par\u00e9s\"},\"sameAs\":[\"https:\/\/molinspares.com\"],\"url\":\"https:\/\/molinspares.com\/it\/author\/martin-lr\/\"}]}<\/script>\n<!-- \/ Yoast SEO Premium plugin. -->","yoast_head_json":{"title":"Marc Molins analizza i casi legali rilevanti a RTVE","description":"Marc Molins offre il suo punto di vista legale sull'assoluzione del Procuratore Generale e della direzione della DANA nel Caf\u00e9 d'idees di RTVE.","robots":{"index":"index","follow":"follow","max-snippet":"max-snippet:-1","max-image-preview":"max-image-preview:large","max-video-preview":"max-video-preview:-1"},"canonical":"https:\/\/molinspares.com\/it\/marc-molins-fornisce-la-sua-analisi-giuridica-al-cafe-didees-di-rtve\/","og_locale":"it_IT","og_type":"article","og_title":"Analisi giuridica di Marc Molins su casi di rilevanza istituzionale","og_description":"Non esiste una prova diretta a carico del Procuratore Generale dello Stato; gli indizi devono essere valutati in giudizio.","og_url":"https:\/\/molinspares.com\/it\/marc-molins-fornisce-la-sua-analisi-giuridica-al-cafe-didees-di-rtve\/","og_site_name":"Molins Par\u00e9s - Despacho de Abogados Penalistas en Barcelona | Excelencia y Privacidad","article_publisher":"https:\/\/www.facebook.com\/profile.php?id=100067944420137","article_published_time":"2025-11-10T09:06:00+00:00","article_modified_time":"2026-01-22T18:46:42+00:00","og_image":[{"width":800,"height":600,"url":"https:\/\/molinspares.com\/wp-content\/uploads\/Analisis-juridico-de-Marc-Molins-sobre-casos-de-relevancia-institucional-en-RTVE.png","type":"image\/png"}],"author":"Molins&amp;Par\u00e9s","twitter_card":"summary_large_image","twitter_title":"Marc Molins fornisce la sua analisi giuridica al Caf\u00e9 d'idees di RTVE.","twitter_misc":{"Scritto da":"Molins&amp;Par\u00e9s"},"schema":{"@context":"https:\/\/schema.org","@graph":[{"@type":"Article","@id":"https:\/\/molinspares.com\/it\/marc-molins-fornisce-la-sua-analisi-giuridica-al-cafe-didees-di-rtve\/#article","isPartOf":{"@id":"https:\/\/molinspares.com\/it\/marc-molins-fornisce-la-sua-analisi-giuridica-al-cafe-didees-di-rtve\/"},"author":{"name":"Molins&amp;Par\u00e9s","@id":"https:\/\/molinspares.com\/it\/#\/schema\/person\/cc1378767548aa873b6048b9a7b3f1dd"},"headline":"Marc Molins fornisce la sua analisi giuridica al Caf\u00e9 d&#8217;idees di RTVE.","datePublished":"2025-11-10T09:06:00+00:00","dateModified":"2026-01-22T18:46:42+00:00","mainEntityOfPage":{"@id":"https:\/\/molinspares.com\/it\/marc-molins-fornisce-la-sua-analisi-giuridica-al-cafe-didees-di-rtve\/"},"wordCount":113,"commentCount":0,"publisher":{"@id":"https:\/\/molinspares.com\/it\/#organization"},"image":{"@id":"https:\/\/molinspares.com\/it\/marc-molins-fornisce-la-sua-analisi-giuridica-al-cafe-didees-di-rtve\/#primaryimage"},"thumbnailUrl":"https:\/\/molinspares.com\/wp-content\/uploads\/Analisis-juridico-de-Marc-Molins-sobre-casos-de-relevancia-institucional-en-RTVE.png","inLanguage":"it-IT","potentialAction":[{"@type":"CommentAction","name":"Comment","target":["https:\/\/molinspares.com\/it\/marc-molins-fornisce-la-sua-analisi-giuridica-al-cafe-didees-di-rtve\/#respond"]}]},{"@type":"WebPage","@id":"https:\/\/molinspares.com\/it\/marc-molins-fornisce-la-sua-analisi-giuridica-al-cafe-didees-di-rtve\/","url":"https:\/\/molinspares.com\/it\/marc-molins-fornisce-la-sua-analisi-giuridica-al-cafe-didees-di-rtve\/","name":"Marc Molins analizza i casi legali rilevanti a RTVE","isPartOf":{"@id":"https:\/\/molinspares.com\/it\/#website"},"primaryImageOfPage":{"@id":"https:\/\/molinspares.com\/it\/marc-molins-fornisce-la-sua-analisi-giuridica-al-cafe-didees-di-rtve\/#primaryimage"},"image":{"@id":"https:\/\/molinspares.com\/it\/marc-molins-fornisce-la-sua-analisi-giuridica-al-cafe-didees-di-rtve\/#primaryimage"},"thumbnailUrl":"https:\/\/molinspares.com\/wp-content\/uploads\/Analisis-juridico-de-Marc-Molins-sobre-casos-de-relevancia-institucional-en-RTVE.png","datePublished":"2025-11-10T09:06:00+00:00","dateModified":"2026-01-22T18:46:42+00:00","description":"Marc Molins offre il suo punto di vista legale sull'assoluzione del Procuratore Generale e della direzione della DANA nel Caf\u00e9 d'idees di RTVE.","breadcrumb":{"@id":"https:\/\/molinspares.com\/it\/marc-molins-fornisce-la-sua-analisi-giuridica-al-cafe-didees-di-rtve\/#breadcrumb"},"inLanguage":"it-IT","potentialAction":[{"@type":"ReadAction","target":["https:\/\/molinspares.com\/it\/marc-molins-fornisce-la-sua-analisi-giuridica-al-cafe-didees-di-rtve\/"]}]},{"@type":"ImageObject","inLanguage":"it-IT","@id":"https:\/\/molinspares.com\/it\/marc-molins-fornisce-la-sua-analisi-giuridica-al-cafe-didees-di-rtve\/#primaryimage","url":"https:\/\/molinspares.com\/wp-content\/uploads\/Analisis-juridico-de-Marc-Molins-sobre-casos-de-relevancia-institucional-en-RTVE.png","contentUrl":"https:\/\/molinspares.com\/wp-content\/uploads\/Analisis-juridico-de-Marc-Molins-sobre-casos-de-relevancia-institucional-en-RTVE.png","width":800,"height":600,"caption":"Marc Molins comenta la situaci\u00f3n del Fiscal General y la comparecencia de Carlos Maz\u00f3n en RTVE, aportando su visi\u00f3n jur\u00eddica."},{"@type":"BreadcrumbList","@id":"https:\/\/molinspares.com\/it\/marc-molins-fornisce-la-sua-analisi-giuridica-al-cafe-didees-di-rtve\/#breadcrumb","itemListElement":[{"@type":"ListItem","position":1,"name":"Portada","item":"https:\/\/molinspares.com\/it\/"},{"@type":"ListItem","position":2,"name":"Marc Molins fornisce la sua analisi giuridica al Caf\u00e9 d&#8217;idees di RTVE."}]},{"@type":"WebSite","@id":"https:\/\/molinspares.com\/it\/#website","url":"https:\/\/molinspares.com\/it\/","name":"Molins & Par\u00e9s - Despacho de Abogados Penalistas en Barcelona","description":"En Molins &amp; Par\u00e9s somos especialistas en derecho penal. Garantizamos la privacidad del cliente y la m\u00e1xima excelencia en cada caso. \u00a1Cont\u00e1ctanos!","publisher":{"@id":"https:\/\/molinspares.com\/it\/#organization"},"alternateName":"Molins & Par\u00e9s","potentialAction":[{"@type":"SearchAction","target":{"@type":"EntryPoint","urlTemplate":"https:\/\/molinspares.com\/it\/?s={search_term_string}"},"query-input":{"@type":"PropertyValueSpecification","valueRequired":true,"valueName":"search_term_string"}}],"inLanguage":"it-IT"},{"@type":"Organization","@id":"https:\/\/molinspares.com\/it\/#organization","name":"Molins & Par\u00e9s - Despacho de Abogados Penalistas en Barcelona","alternateName":"Molins & Par\u00e9s","url":"https:\/\/molinspares.com\/it\/","logo":{"@type":"ImageObject","inLanguage":"it-IT","@id":"https:\/\/molinspares.com\/it\/#\/schema\/logo\/image\/","url":"https:\/\/molinspares.com\/wp-content\/uploads\/logo_MolinsPares-2.jpg","contentUrl":"https:\/\/molinspares.com\/wp-content\/uploads\/logo_MolinsPares-2.jpg","width":512,"height":512,"caption":"Molins & Par\u00e9s - Despacho de Abogados Penalistas en Barcelona"},"image":{"@id":"https:\/\/molinspares.com\/it\/#\/schema\/logo\/image\/"},"sameAs":["https:\/\/www.facebook.com\/profile.php?id=100067944420137","https:\/\/www.linkedin.com\/in\/molins-pars-penal-compliance-44383b65\/"],"publishingPrinciples":"https:\/\/molinspares.com\/politica-privacidad\/","ownershipFundingInfo":"https:\/\/molinspares.com\/politica-privacidad\/","actionableFeedbackPolicy":"https:\/\/molinspares.com\/politica-privacidad\/","correctionsPolicy":"https:\/\/molinspares.com\/politica-privacidad\/","ethicsPolicy":"https:\/\/molinspares.com\/politica-privacidad\/","diversityPolicy":"https:\/\/molinspares.com\/politica-privacidad\/","diversityStaffingReport":"https:\/\/molinspares.com\/politica-privacidad\/"},{"@type":"Person","@id":"https:\/\/molinspares.com\/it\/#\/schema\/person\/cc1378767548aa873b6048b9a7b3f1dd","name":"Molins&amp;Par\u00e9s","image":{"@type":"ImageObject","inLanguage":"it-IT","@id":"https:\/\/secure.gravatar.com\/avatar\/873d1b1df79338907d31479fd75594758362584c0eee250b6f7bc08184c057ed?s=96&d=mm&r=g","url":"https:\/\/secure.gravatar.com\/avatar\/873d1b1df79338907d31479fd75594758362584c0eee250b6f7bc08184c057ed?s=96&d=mm&r=g","contentUrl":"https:\/\/secure.gravatar.com\/avatar\/873d1b1df79338907d31479fd75594758362584c0eee250b6f7bc08184c057ed?s=96&d=mm&r=g","caption":"Molins&amp;Par\u00e9s"},"sameAs":["https:\/\/molinspares.com"],"url":"https:\/\/molinspares.com\/it\/author\/martin-lr\/"}]}},"_links":{"self":[{"href":"https:\/\/molinspares.com\/it\/wp-json\/wp\/v2\/posts\/8265","targetHints":{"allow":["GET"]}}],"collection":[{"href":"https:\/\/molinspares.com\/it\/wp-json\/wp\/v2\/posts"}],"about":[{"href":"https:\/\/molinspares.com\/it\/wp-json\/wp\/v2\/types\/post"}],"author":[{"embeddable":true,"href":"https:\/\/molinspares.com\/it\/wp-json\/wp\/v2\/users\/1"}],"replies":[{"embeddable":true,"href":"https:\/\/molinspares.com\/it\/wp-json\/wp\/v2\/comments?post=8265"}],"version-history":[{"count":2,"href":"https:\/\/molinspares.com\/it\/wp-json\/wp\/v2\/posts\/8265\/revisions"}],"predecessor-version":[{"id":8309,"href":"https:\/\/molinspares.com\/it\/wp-json\/wp\/v2\/posts\/8265\/revisions\/8309"}],"wp:featuredmedia":[{"embeddable":true,"href":"https:\/\/molinspares.com\/it\/wp-json\/wp\/v2\/media\/8257"}],"wp:attachment":[{"href":"https:\/\/molinspares.com\/it\/wp-json\/wp\/v2\/media?parent=8265"}],"wp:term":[{"taxonomy":"category","embeddable":true,"href":"https:\/\/molinspares.com\/it\/wp-json\/wp\/v2\/categories?post=8265"},{"taxonomy":"post_tag","embeddable":true,"href":"https:\/\/molinspares.com\/it\/wp-json\/wp\/v2\/tags?post=8265"}],"curies":[{"name":"wp","href":"https:\/\/api.w.org\/{rel}","templated":true}]}}