{"id":7495,"date":"2025-03-28T09:40:16","date_gmt":"2025-03-28T08:40:16","guid":{"rendered":"https:\/\/molinspares.com\/cena-di-gala-di-sant-raimon-de-penyafort-al-mnac\/"},"modified":"2025-06-19T22:55:18","modified_gmt":"2025-06-19T20:55:18","slug":"cena-di-gala-di-sant-raimon-de-penyafort-al-mnac","status":"publish","type":"post","link":"https:\/\/molinspares.com\/it\/cena-di-gala-di-sant-raimon-de-penyafort-al-mnac\/","title":{"rendered":"Cena di gala di Sant Raimon de Penyafort al MNAC"},"content":{"rendered":"\n<p>Una parte del team ha partecipato alla cena di gala di Sant Raimon de Penyafort organizzata dall \u201cOrdine degli Avvocati di Barcellona (ICAB) presso il Museo Nazionale d\u201d Arte della Catalogna (MNAC).<\/p>\n\n<p>\ud83d\udcf8\ud83d\udc47\ud83d\udc47\ud83d\udc47<\/p>\n\n<figure class=\"wp-block-image size-large\"><img fetchpriority=\"high\" decoding=\"async\" width=\"1024\" height=\"768\" src=\"https:\/\/molinspares.com\/wp-content\/uploads\/\/Cena-de-Gala-de-Sant-Raimon-de-Penyafort-en-el-MNAC-1024x768.png\" alt=\"\" class=\"wp-image-5425\" srcset=\"https:\/\/molinspares.com\/wp-content\/uploads\/Cena-de-Gala-de-Sant-Raimon-de-Penyafort-en-el-MNAC-1024x768.png 1024w, https:\/\/molinspares.com\/wp-content\/uploads\/Cena-de-Gala-de-Sant-Raimon-de-Penyafort-en-el-MNAC-300x225.png 300w, https:\/\/molinspares.com\/wp-content\/uploads\/Cena-de-Gala-de-Sant-Raimon-de-Penyafort-en-el-MNAC-768x576.png 768w, https:\/\/molinspares.com\/wp-content\/uploads\/Cena-de-Gala-de-Sant-Raimon-de-Penyafort-en-el-MNAC.png 1200w\" sizes=\"(max-width: 1024px) 100vw, 1024px\" \/><\/figure>\n","protected":false},"excerpt":{"rendered":"<p>Un incontro molto speciale da condividere con la comunit\u00e0 legale in un ambiente unico.<\/p>\n","protected":false},"author":1,"featured_media":0,"comment_status":"open","ping_status":"open","sticky":false,"template":"","format":"standard","meta":{"footnotes":""},"categories":[138],"tags":[],"class_list":["post-7495","post","type-post","status-publish","format-standard","hentry","category-senza-categoria"],"yoast_head":"<!-- This site is optimized with the Yoast SEO Premium plugin v26.1 (Yoast SEO v27.2) - https:\/\/yoast.com\/product\/yoast-seo-premium-wordpress\/ -->\n<title>Cena di gala di Sant Raimon de Penyafort al MNAC - Molins Par\u00e9s - Despacho de Abogados Penalistas en Barcelona | Excelencia y Privacidad<\/title>\n<meta name=\"robots\" content=\"index, follow, max-snippet:-1, max-image-preview:large, max-video-preview:-1\" \/>\n<link rel=\"canonical\" href=\"https:\/\/molinspares.com\/it\/cena-di-gala-di-sant-raimon-de-penyafort-al-mnac\/\" \/>\n<meta property=\"og:locale\" content=\"it_IT\" \/>\n<meta property=\"og:type\" content=\"article\" \/>\n<meta property=\"og:title\" content=\"Cena di gala di Sant Raimon de Penyafort al MNAC\" \/>\n<meta property=\"og:description\" content=\"Un incontro molto speciale da condividere con la comunit\u00e0 legale in un ambiente unico.\" \/>\n<meta property=\"og:url\" content=\"https:\/\/molinspares.com\/it\/cena-di-gala-di-sant-raimon-de-penyafort-al-mnac\/\" \/>\n<meta property=\"og:site_name\" content=\"Molins Par\u00e9s - Despacho de Abogados Penalistas en Barcelona | Excelencia y Privacidad\" \/>\n<meta property=\"article:publisher\" content=\"https:\/\/www.facebook.com\/profile.php?id=100067944420137\" \/>\n<meta property=\"article:published_time\" content=\"2025-03-28T08:40:16+00:00\" \/>\n<meta property=\"article:modified_time\" content=\"2025-06-19T20:55:18+00:00\" \/>\n<meta property=\"og:image\" content=\"https:\/\/molinspares.com\/wp-content\/uploads\/Cena-de-Gala-de-Sant-Raimon-de-Penyafort-en-el-MNAC.png\" \/>\n\t<meta property=\"og:image:width\" content=\"1200\" \/>\n\t<meta property=\"og:image:height\" content=\"900\" \/>\n\t<meta property=\"og:image:type\" content=\"image\/png\" \/>\n<meta name=\"author\" content=\"Molins&amp;Par\u00e9s\" \/>\n<meta name=\"twitter:card\" content=\"summary_large_image\" \/>\n<meta name=\"twitter:label1\" content=\"Scritto da\" \/>\n\t<meta name=\"twitter:data1\" content=\"Molins&amp;Par\u00e9s\" \/>\n<script type=\"application\/ld+json\" class=\"yoast-schema-graph\">{\"@context\":\"https:\/\/schema.org\",\"@graph\":[{\"@type\":\"Article\",\"@id\":\"https:\/\/molinspares.com\/it\/cena-di-gala-di-sant-raimon-de-penyafort-al-mnac\/#article\",\"isPartOf\":{\"@id\":\"https:\/\/molinspares.com\/it\/cena-di-gala-di-sant-raimon-de-penyafort-al-mnac\/\"},\"author\":{\"name\":\"Molins&amp;Par\u00e9s\",\"@id\":\"https:\/\/molinspares.com\/it\/#\/schema\/person\/cc1378767548aa873b6048b9a7b3f1dd\"},\"headline\":\"Cena di gala di Sant Raimon de Penyafort al MNAC\",\"datePublished\":\"2025-03-28T08:40:16+00:00\",\"dateModified\":\"2025-06-19T20:55:18+00:00\",\"mainEntityOfPage\":{\"@id\":\"https:\/\/molinspares.com\/it\/cena-di-gala-di-sant-raimon-de-penyafort-al-mnac\/\"},\"wordCount\":42,\"commentCount\":0,\"publisher\":{\"@id\":\"https:\/\/molinspares.com\/it\/#organization\"},\"image\":{\"@id\":\"https:\/\/molinspares.com\/it\/cena-di-gala-di-sant-raimon-de-penyafort-al-mnac\/#primaryimage\"},\"thumbnailUrl\":\"https:\/\/molinspares.com\/wp-content\/uploads\/\/Cena-de-Gala-de-Sant-Raimon-de-Penyafort-en-el-MNAC-1024x768.png\",\"inLanguage\":\"it-IT\",\"potentialAction\":[{\"@type\":\"CommentAction\",\"name\":\"Comment\",\"target\":[\"https:\/\/molinspares.com\/it\/cena-di-gala-di-sant-raimon-de-penyafort-al-mnac\/#respond\"]}]},{\"@type\":\"WebPage\",\"@id\":\"https:\/\/molinspares.com\/it\/cena-di-gala-di-sant-raimon-de-penyafort-al-mnac\/\",\"url\":\"https:\/\/molinspares.com\/it\/cena-di-gala-di-sant-raimon-de-penyafort-al-mnac\/\",\"name\":\"Cena di gala di Sant Raimon de Penyafort al MNAC - Molins Par\u00e9s - Despacho de Abogados Penalistas en Barcelona | Excelencia y Privacidad\",\"isPartOf\":{\"@id\":\"https:\/\/molinspares.com\/it\/#website\"},\"primaryImageOfPage\":{\"@id\":\"https:\/\/molinspares.com\/it\/cena-di-gala-di-sant-raimon-de-penyafort-al-mnac\/#primaryimage\"},\"image\":{\"@id\":\"https:\/\/molinspares.com\/it\/cena-di-gala-di-sant-raimon-de-penyafort-al-mnac\/#primaryimage\"},\"thumbnailUrl\":\"https:\/\/molinspares.com\/wp-content\/uploads\/\/Cena-de-Gala-de-Sant-Raimon-de-Penyafort-en-el-MNAC-1024x768.png\",\"datePublished\":\"2025-03-28T08:40:16+00:00\",\"dateModified\":\"2025-06-19T20:55:18+00:00\",\"breadcrumb\":{\"@id\":\"https:\/\/molinspares.com\/it\/cena-di-gala-di-sant-raimon-de-penyafort-al-mnac\/#breadcrumb\"},\"inLanguage\":\"it-IT\",\"potentialAction\":[{\"@type\":\"ReadAction\",\"target\":[\"https:\/\/molinspares.com\/it\/cena-di-gala-di-sant-raimon-de-penyafort-al-mnac\/\"]}]},{\"@type\":\"ImageObject\",\"inLanguage\":\"it-IT\",\"@id\":\"https:\/\/molinspares.com\/it\/cena-di-gala-di-sant-raimon-de-penyafort-al-mnac\/#primaryimage\",\"url\":\"https:\/\/molinspares.com\/wp-content\/uploads\/\/Cena-de-Gala-de-Sant-Raimon-de-Penyafort-en-el-MNAC-1024x768.png\",\"contentUrl\":\"https:\/\/molinspares.com\/wp-content\/uploads\/\/Cena-de-Gala-de-Sant-Raimon-de-Penyafort-en-el-MNAC-1024x768.png\"},{\"@type\":\"BreadcrumbList\",\"@id\":\"https:\/\/molinspares.com\/it\/cena-di-gala-di-sant-raimon-de-penyafort-al-mnac\/#breadcrumb\",\"itemListElement\":[{\"@type\":\"ListItem\",\"position\":1,\"name\":\"Portada\",\"item\":\"https:\/\/molinspares.com\/it\/\"},{\"@type\":\"ListItem\",\"position\":2,\"name\":\"Cena di gala di Sant Raimon de Penyafort al MNAC\"}]},{\"@type\":\"WebSite\",\"@id\":\"https:\/\/molinspares.com\/it\/#website\",\"url\":\"https:\/\/molinspares.com\/it\/\",\"name\":\"Molins & Par\u00e9s - Despacho de Abogados Penalistas en Barcelona\",\"description\":\"En Molins &amp; Par\u00e9s somos especialistas en derecho penal. Garantizamos la privacidad del cliente y la m\u00e1xima excelencia en cada caso. \u00a1Cont\u00e1ctanos!\",\"publisher\":{\"@id\":\"https:\/\/molinspares.com\/it\/#organization\"},\"alternateName\":\"Molins & Par\u00e9s\",\"potentialAction\":[{\"@type\":\"SearchAction\",\"target\":{\"@type\":\"EntryPoint\",\"urlTemplate\":\"https:\/\/molinspares.com\/it\/?s={search_term_string}\"},\"query-input\":{\"@type\":\"PropertyValueSpecification\",\"valueRequired\":true,\"valueName\":\"search_term_string\"}}],\"inLanguage\":\"it-IT\"},{\"@type\":\"Organization\",\"@id\":\"https:\/\/molinspares.com\/it\/#organization\",\"name\":\"Molins & Par\u00e9s - Despacho de Abogados Penalistas en Barcelona\",\"alternateName\":\"Molins & Par\u00e9s\",\"url\":\"https:\/\/molinspares.com\/it\/\",\"logo\":{\"@type\":\"ImageObject\",\"inLanguage\":\"it-IT\",\"@id\":\"https:\/\/molinspares.com\/it\/#\/schema\/logo\/image\/\",\"url\":\"https:\/\/molinspares.com\/wp-content\/uploads\/logo_MolinsPares-2.jpg\",\"contentUrl\":\"https:\/\/molinspares.com\/wp-content\/uploads\/logo_MolinsPares-2.jpg\",\"width\":512,\"height\":512,\"caption\":\"Molins & Par\u00e9s - Despacho de Abogados Penalistas en Barcelona\"},\"image\":{\"@id\":\"https:\/\/molinspares.com\/it\/#\/schema\/logo\/image\/\"},\"sameAs\":[\"https:\/\/www.facebook.com\/profile.php?id=100067944420137\",\"https:\/\/www.linkedin.com\/in\/molins-pars-penal-compliance-44383b65\/\"],\"publishingPrinciples\":\"https:\/\/molinspares.com\/politica-privacidad\/\",\"ownershipFundingInfo\":\"https:\/\/molinspares.com\/politica-privacidad\/\",\"actionableFeedbackPolicy\":\"https:\/\/molinspares.com\/politica-privacidad\/\",\"correctionsPolicy\":\"https:\/\/molinspares.com\/politica-privacidad\/\",\"ethicsPolicy\":\"https:\/\/molinspares.com\/politica-privacidad\/\",\"diversityPolicy\":\"https:\/\/molinspares.com\/politica-privacidad\/\",\"diversityStaffingReport\":\"https:\/\/molinspares.com\/politica-privacidad\/\"},{\"@type\":\"Person\",\"@id\":\"https:\/\/molinspares.com\/it\/#\/schema\/person\/cc1378767548aa873b6048b9a7b3f1dd\",\"name\":\"Molins&amp;Par\u00e9s\",\"image\":{\"@type\":\"ImageObject\",\"inLanguage\":\"it-IT\",\"@id\":\"https:\/\/secure.gravatar.com\/avatar\/873d1b1df79338907d31479fd75594758362584c0eee250b6f7bc08184c057ed?s=96&d=mm&r=g\",\"url\":\"https:\/\/secure.gravatar.com\/avatar\/873d1b1df79338907d31479fd75594758362584c0eee250b6f7bc08184c057ed?s=96&d=mm&r=g\",\"contentUrl\":\"https:\/\/secure.gravatar.com\/avatar\/873d1b1df79338907d31479fd75594758362584c0eee250b6f7bc08184c057ed?s=96&d=mm&r=g\",\"caption\":\"Molins&amp;Par\u00e9s\"},\"sameAs\":[\"https:\/\/molinspares.com\"],\"url\":\"https:\/\/molinspares.com\/it\/author\/martin-lr\/\"}]}<\/script>\n<!-- \/ Yoast SEO Premium plugin. -->","yoast_head_json":{"title":"Cena di gala di Sant Raimon de Penyafort al MNAC - Molins Par\u00e9s - Despacho de Abogados Penalistas en Barcelona | Excelencia y Privacidad","robots":{"index":"index","follow":"follow","max-snippet":"max-snippet:-1","max-image-preview":"max-image-preview:large","max-video-preview":"max-video-preview:-1"},"canonical":"https:\/\/molinspares.com\/it\/cena-di-gala-di-sant-raimon-de-penyafort-al-mnac\/","og_locale":"it_IT","og_type":"article","og_title":"Cena di gala di Sant Raimon de Penyafort al MNAC","og_description":"Un incontro molto speciale da condividere con la comunit\u00e0 legale in un ambiente unico.","og_url":"https:\/\/molinspares.com\/it\/cena-di-gala-di-sant-raimon-de-penyafort-al-mnac\/","og_site_name":"Molins Par\u00e9s - Despacho de Abogados Penalistas en Barcelona | Excelencia y Privacidad","article_publisher":"https:\/\/www.facebook.com\/profile.php?id=100067944420137","article_published_time":"2025-03-28T08:40:16+00:00","article_modified_time":"2025-06-19T20:55:18+00:00","og_image":[{"width":1200,"height":900,"url":"https:\/\/molinspares.com\/wp-content\/uploads\/Cena-de-Gala-de-Sant-Raimon-de-Penyafort-en-el-MNAC.png","type":"image\/png"}],"author":"Molins&amp;Par\u00e9s","twitter_card":"summary_large_image","twitter_misc":{"Scritto da":"Molins&amp;Par\u00e9s"},"schema":{"@context":"https:\/\/schema.org","@graph":[{"@type":"Article","@id":"https:\/\/molinspares.com\/it\/cena-di-gala-di-sant-raimon-de-penyafort-al-mnac\/#article","isPartOf":{"@id":"https:\/\/molinspares.com\/it\/cena-di-gala-di-sant-raimon-de-penyafort-al-mnac\/"},"author":{"name":"Molins&amp;Par\u00e9s","@id":"https:\/\/molinspares.com\/it\/#\/schema\/person\/cc1378767548aa873b6048b9a7b3f1dd"},"headline":"Cena di gala di Sant Raimon de Penyafort al MNAC","datePublished":"2025-03-28T08:40:16+00:00","dateModified":"2025-06-19T20:55:18+00:00","mainEntityOfPage":{"@id":"https:\/\/molinspares.com\/it\/cena-di-gala-di-sant-raimon-de-penyafort-al-mnac\/"},"wordCount":42,"commentCount":0,"publisher":{"@id":"https:\/\/molinspares.com\/it\/#organization"},"image":{"@id":"https:\/\/molinspares.com\/it\/cena-di-gala-di-sant-raimon-de-penyafort-al-mnac\/#primaryimage"},"thumbnailUrl":"https:\/\/molinspares.com\/wp-content\/uploads\/\/Cena-de-Gala-de-Sant-Raimon-de-Penyafort-en-el-MNAC-1024x768.png","inLanguage":"it-IT","potentialAction":[{"@type":"CommentAction","name":"Comment","target":["https:\/\/molinspares.com\/it\/cena-di-gala-di-sant-raimon-de-penyafort-al-mnac\/#respond"]}]},{"@type":"WebPage","@id":"https:\/\/molinspares.com\/it\/cena-di-gala-di-sant-raimon-de-penyafort-al-mnac\/","url":"https:\/\/molinspares.com\/it\/cena-di-gala-di-sant-raimon-de-penyafort-al-mnac\/","name":"Cena di gala di Sant Raimon de Penyafort al MNAC - Molins Par\u00e9s - Despacho de Abogados Penalistas en Barcelona | Excelencia y Privacidad","isPartOf":{"@id":"https:\/\/molinspares.com\/it\/#website"},"primaryImageOfPage":{"@id":"https:\/\/molinspares.com\/it\/cena-di-gala-di-sant-raimon-de-penyafort-al-mnac\/#primaryimage"},"image":{"@id":"https:\/\/molinspares.com\/it\/cena-di-gala-di-sant-raimon-de-penyafort-al-mnac\/#primaryimage"},"thumbnailUrl":"https:\/\/molinspares.com\/wp-content\/uploads\/\/Cena-de-Gala-de-Sant-Raimon-de-Penyafort-en-el-MNAC-1024x768.png","datePublished":"2025-03-28T08:40:16+00:00","dateModified":"2025-06-19T20:55:18+00:00","breadcrumb":{"@id":"https:\/\/molinspares.com\/it\/cena-di-gala-di-sant-raimon-de-penyafort-al-mnac\/#breadcrumb"},"inLanguage":"it-IT","potentialAction":[{"@type":"ReadAction","target":["https:\/\/molinspares.com\/it\/cena-di-gala-di-sant-raimon-de-penyafort-al-mnac\/"]}]},{"@type":"ImageObject","inLanguage":"it-IT","@id":"https:\/\/molinspares.com\/it\/cena-di-gala-di-sant-raimon-de-penyafort-al-mnac\/#primaryimage","url":"https:\/\/molinspares.com\/wp-content\/uploads\/\/Cena-de-Gala-de-Sant-Raimon-de-Penyafort-en-el-MNAC-1024x768.png","contentUrl":"https:\/\/molinspares.com\/wp-content\/uploads\/\/Cena-de-Gala-de-Sant-Raimon-de-Penyafort-en-el-MNAC-1024x768.png"},{"@type":"BreadcrumbList","@id":"https:\/\/molinspares.com\/it\/cena-di-gala-di-sant-raimon-de-penyafort-al-mnac\/#breadcrumb","itemListElement":[{"@type":"ListItem","position":1,"name":"Portada","item":"https:\/\/molinspares.com\/it\/"},{"@type":"ListItem","position":2,"name":"Cena di gala di Sant Raimon de Penyafort al MNAC"}]},{"@type":"WebSite","@id":"https:\/\/molinspares.com\/it\/#website","url":"https:\/\/molinspares.com\/it\/","name":"Molins & Par\u00e9s - Despacho de Abogados Penalistas en Barcelona","description":"En Molins &amp; Par\u00e9s somos especialistas en derecho penal. Garantizamos la privacidad del cliente y la m\u00e1xima excelencia en cada caso. \u00a1Cont\u00e1ctanos!","publisher":{"@id":"https:\/\/molinspares.com\/it\/#organization"},"alternateName":"Molins & Par\u00e9s","potentialAction":[{"@type":"SearchAction","target":{"@type":"EntryPoint","urlTemplate":"https:\/\/molinspares.com\/it\/?s={search_term_string}"},"query-input":{"@type":"PropertyValueSpecification","valueRequired":true,"valueName":"search_term_string"}}],"inLanguage":"it-IT"},{"@type":"Organization","@id":"https:\/\/molinspares.com\/it\/#organization","name":"Molins & Par\u00e9s - Despacho de Abogados Penalistas en Barcelona","alternateName":"Molins & Par\u00e9s","url":"https:\/\/molinspares.com\/it\/","logo":{"@type":"ImageObject","inLanguage":"it-IT","@id":"https:\/\/molinspares.com\/it\/#\/schema\/logo\/image\/","url":"https:\/\/molinspares.com\/wp-content\/uploads\/logo_MolinsPares-2.jpg","contentUrl":"https:\/\/molinspares.com\/wp-content\/uploads\/logo_MolinsPares-2.jpg","width":512,"height":512,"caption":"Molins & Par\u00e9s - Despacho de Abogados Penalistas en Barcelona"},"image":{"@id":"https:\/\/molinspares.com\/it\/#\/schema\/logo\/image\/"},"sameAs":["https:\/\/www.facebook.com\/profile.php?id=100067944420137","https:\/\/www.linkedin.com\/in\/molins-pars-penal-compliance-44383b65\/"],"publishingPrinciples":"https:\/\/molinspares.com\/politica-privacidad\/","ownershipFundingInfo":"https:\/\/molinspares.com\/politica-privacidad\/","actionableFeedbackPolicy":"https:\/\/molinspares.com\/politica-privacidad\/","correctionsPolicy":"https:\/\/molinspares.com\/politica-privacidad\/","ethicsPolicy":"https:\/\/molinspares.com\/politica-privacidad\/","diversityPolicy":"https:\/\/molinspares.com\/politica-privacidad\/","diversityStaffingReport":"https:\/\/molinspares.com\/politica-privacidad\/"},{"@type":"Person","@id":"https:\/\/molinspares.com\/it\/#\/schema\/person\/cc1378767548aa873b6048b9a7b3f1dd","name":"Molins&amp;Par\u00e9s","image":{"@type":"ImageObject","inLanguage":"it-IT","@id":"https:\/\/secure.gravatar.com\/avatar\/873d1b1df79338907d31479fd75594758362584c0eee250b6f7bc08184c057ed?s=96&d=mm&r=g","url":"https:\/\/secure.gravatar.com\/avatar\/873d1b1df79338907d31479fd75594758362584c0eee250b6f7bc08184c057ed?s=96&d=mm&r=g","contentUrl":"https:\/\/secure.gravatar.com\/avatar\/873d1b1df79338907d31479fd75594758362584c0eee250b6f7bc08184c057ed?s=96&d=mm&r=g","caption":"Molins&amp;Par\u00e9s"},"sameAs":["https:\/\/molinspares.com"],"url":"https:\/\/molinspares.com\/it\/author\/martin-lr\/"}]}},"_links":{"self":[{"href":"https:\/\/molinspares.com\/it\/wp-json\/wp\/v2\/posts\/7495","targetHints":{"allow":["GET"]}}],"collection":[{"href":"https:\/\/molinspares.com\/it\/wp-json\/wp\/v2\/posts"}],"about":[{"href":"https:\/\/molinspares.com\/it\/wp-json\/wp\/v2\/types\/post"}],"author":[{"embeddable":true,"href":"https:\/\/molinspares.com\/it\/wp-json\/wp\/v2\/users\/1"}],"replies":[{"embeddable":true,"href":"https:\/\/molinspares.com\/it\/wp-json\/wp\/v2\/comments?post=7495"}],"version-history":[{"count":1,"href":"https:\/\/molinspares.com\/it\/wp-json\/wp\/v2\/posts\/7495\/revisions"}],"predecessor-version":[{"id":7498,"href":"https:\/\/molinspares.com\/it\/wp-json\/wp\/v2\/posts\/7495\/revisions\/7498"}],"wp:attachment":[{"href":"https:\/\/molinspares.com\/it\/wp-json\/wp\/v2\/media?parent=7495"}],"wp:term":[{"taxonomy":"category","embeddable":true,"href":"https:\/\/molinspares.com\/it\/wp-json\/wp\/v2\/categories?post=7495"},{"taxonomy":"post_tag","embeddable":true,"href":"https:\/\/molinspares.com\/it\/wp-json\/wp\/v2\/tags?post=7495"}],"curies":[{"name":"wp","href":"https:\/\/api.w.org\/{rel}","templated":true}]}}