{"id":7982,"date":"2025-09-01T09:29:22","date_gmt":"2025-09-01T07:29:22","guid":{"rendered":"https:\/\/molinspares.com\/sentencia-de-conformitat-en-cas-dassassinat-acusacio-dirigida-per-molins-pares\/"},"modified":"2025-09-09T09:50:51","modified_gmt":"2025-09-09T07:50:51","slug":"sentencia-de-conformitat-en-cas-dassassinat-acusacio-dirigida-per-molins-pares","status":"publish","type":"post","link":"https:\/\/molinspares.com\/ca\/sentencia-de-conformitat-en-cas-dassassinat-acusacio-dirigida-per-molins-pares\/","title":{"rendered":"Sent\u00e8ncia de conformitat en cas d&#8217;assassinat: acusaci\u00f3 dirigida per Molins &amp; Par\u00e9s"},"content":{"rendered":"\n<blockquote class=\"wp-block-quote is-layout-flow wp-block-quote-is-layout-flow\">\n<blockquote class=\"wp-block-quote is-layout-flow wp-block-quote-is-layout-flow\">\n<p>En una recent resoluci\u00f3 judicial el nostre soci director, <a href=\"https:\/\/www.linkedin.com\/in\/marc-molins-raich-3a7a6a102\/\" target=\"_blank\" rel=\"noreferrer noopener\">Marc Molins Raich<\/a> , acompanyat per la nostra companya <a href=\"https:\/\/www.linkedin.com\/in\/martamasipmontaner\/\" target=\"_blank\" rel=\"noreferrer noopener\">Marta Masip Montaner<\/a> , va assumir l&#8217;acusaci\u00f3 particular. El cas ha concl\u00f2s amb una Sent\u00e8ncia de conformitat, en qu\u00e8 l&#8217;acusat ha reconegut els fets i ha acceptat una condemna de 10 anys de pres\u00f3 per un delicte d&#8217;assassinat, aix\u00ed com la imposici\u00f3 d&#8217;una mesura de seguretat de 20 anys. <br\/><br\/>La resoluci\u00f3 \u00e9s el resultat d&#8217;una valoraci\u00f3 acurada de la patologia psiqui\u00e0trica que presentava l&#8217;acusat, aix\u00ed com de la responsabilitat penal derivada del consum voluntari de subst\u00e0ncies en aquells casos en qu\u00e8 hi ha coneixement de l&#8217;impacte que aquest pot tenir sobre la salut mental. Un equilibri complex que exigeix \u200b\u200buna intervenci\u00f3 jur\u00eddica rigorosa, compromesa i sempre respectuosa amb la dignitat de totes les persones implicades. <br\/><br\/>Us convidem a llegir la not\u00edcia completa a <a href=\"https:\/\/cronicaglobal.elespanol.com\/vida\/20250714\/acepta-castigo-matar-hermano-brote-psicotico-drogarse\/1003742673753_0.html\" target=\"_blank\" rel=\"noreferrer noopener\">https:\/\/cronicaglobal.elespanol.com\/vida\/20250714\/acepta-castigo-matar-hermano-brote-psicotico-drogarse\/1003742673753_0.html<\/a><\/p>\n<\/blockquote>\n<\/blockquote>\n","protected":false},"excerpt":{"rendered":"<p>El nostre soci director, Marc Molins, amb Marta Masip, va liderar l&#8217;acusaci\u00f3 particular en un complex cas amb condemna de 10 anys de pres\u00f3.<\/p>\n","protected":false},"author":1,"featured_media":0,"comment_status":"open","ping_status":"open","sticky":false,"template":"","format":"standard","meta":{"footnotes":""},"categories":[167],"tags":[],"class_list":["post-7982","post","type-post","status-publish","format-standard","hentry","category-molinspares"],"yoast_head":"<!-- This site is optimized with the Yoast SEO Premium plugin v26.1 (Yoast SEO v27.2) - https:\/\/yoast.com\/product\/yoast-seo-premium-wordpress\/ -->\n<title>Molins &amp; Par\u00e9s aconsegueix condemna de 10 anys en cas d&#039;assassinat - Molins Par\u00e9s - Despacho de Abogados Penalistas en Barcelona | Excelencia y Privacidad<\/title>\n<meta name=\"description\" content=\"Condemna de 10 anys de pres\u00f3 i mesura de seguretat de 20 anys en un cas d&#039;assassinat dirigit per Molins &amp; Par\u00e9s.\" \/>\n<meta name=\"robots\" content=\"index, follow, max-snippet:-1, max-image-preview:large, max-video-preview:-1\" \/>\n<link rel=\"canonical\" href=\"https:\/\/molinspares.com\/ca\/sentencia-de-conformitat-en-cas-dassassinat-acusacio-dirigida-per-molins-pares\/\" \/>\n<meta property=\"og:locale\" content=\"ca_ES\" \/>\n<meta property=\"og:type\" content=\"article\" \/>\n<meta property=\"og:title\" content=\"Molins &amp; Par\u00e9s aconsegueix condemna de 10 anys en cas d&#039;assassinat\" \/>\n<meta property=\"og:description\" content=\"Condemna de 10 anys de pres\u00f3 i mesura de seguretat de 20 anys en un cas d&#039;assassinat dirigit per Molins &amp; Par\u00e9s.\" \/>\n<meta property=\"og:url\" content=\"https:\/\/molinspares.com\/ca\/sentencia-de-conformitat-en-cas-dassassinat-acusacio-dirigida-per-molins-pares\/\" \/>\n<meta property=\"og:site_name\" content=\"Molins Par\u00e9s - Despacho de Abogados Penalistas en Barcelona | Excelencia y Privacidad\" \/>\n<meta property=\"article:publisher\" content=\"https:\/\/www.facebook.com\/profile.php?id=100067944420137\" \/>\n<meta property=\"article:published_time\" content=\"2025-09-01T07:29:22+00:00\" \/>\n<meta property=\"article:modified_time\" content=\"2025-09-09T07:50:51+00:00\" \/>\n<meta property=\"og:image\" content=\"https:\/\/molinspares.com\/wp-content\/uploads\/Molins-Pares-Abogados-Barcelona-100.png\" \/>\n\t<meta property=\"og:image:width\" content=\"1200\" \/>\n\t<meta property=\"og:image:height\" content=\"675\" \/>\n\t<meta property=\"og:image:type\" content=\"image\/png\" \/>\n<meta name=\"author\" content=\"Molins&amp;Par\u00e9s\" \/>\n<meta name=\"twitter:card\" content=\"summary_large_image\" \/>\n<meta name=\"twitter:title\" content=\"Sent\u00e8ncia de conformitat en cas d&#039;assassinat: acusaci\u00f3 dirigida per Molins &amp; Par\u00e9s\" \/>\n<meta name=\"twitter:label1\" content=\"Escrit per\" \/>\n\t<meta name=\"twitter:data1\" content=\"Molins&amp;Par\u00e9s\" \/>\n\t<meta name=\"twitter:label2\" content=\"Temps estimat de lectura\" \/>\n\t<meta name=\"twitter:data2\" content=\"1 minut\" \/>\n<script type=\"application\/ld+json\" class=\"yoast-schema-graph\">{\"@context\":\"https:\/\/schema.org\",\"@graph\":[{\"@type\":\"Article\",\"@id\":\"https:\/\/molinspares.com\/ca\/sentencia-de-conformitat-en-cas-dassassinat-acusacio-dirigida-per-molins-pares\/#article\",\"isPartOf\":{\"@id\":\"https:\/\/molinspares.com\/ca\/sentencia-de-conformitat-en-cas-dassassinat-acusacio-dirigida-per-molins-pares\/\"},\"author\":{\"name\":\"Molins&amp;Par\u00e9s\",\"@id\":\"https:\/\/molinspares.com\/ca\/#\/schema\/person\/cc1378767548aa873b6048b9a7b3f1dd\"},\"headline\":\"Sent\u00e8ncia de conformitat en cas d&#8217;assassinat: acusaci\u00f3 dirigida per Molins &amp; Par\u00e9s\",\"datePublished\":\"2025-09-01T07:29:22+00:00\",\"dateModified\":\"2025-09-09T07:50:51+00:00\",\"mainEntityOfPage\":{\"@id\":\"https:\/\/molinspares.com\/ca\/sentencia-de-conformitat-en-cas-dassassinat-acusacio-dirigida-per-molins-pares\/\"},\"wordCount\":172,\"commentCount\":0,\"publisher\":{\"@id\":\"https:\/\/molinspares.com\/ca\/#organization\"},\"articleSection\":[\"Molins&amp;Par\u00e9s\"],\"inLanguage\":\"ca\",\"potentialAction\":[{\"@type\":\"CommentAction\",\"name\":\"Comment\",\"target\":[\"https:\/\/molinspares.com\/ca\/sentencia-de-conformitat-en-cas-dassassinat-acusacio-dirigida-per-molins-pares\/#respond\"]}]},{\"@type\":\"WebPage\",\"@id\":\"https:\/\/molinspares.com\/ca\/sentencia-de-conformitat-en-cas-dassassinat-acusacio-dirigida-per-molins-pares\/\",\"url\":\"https:\/\/molinspares.com\/ca\/sentencia-de-conformitat-en-cas-dassassinat-acusacio-dirigida-per-molins-pares\/\",\"name\":\"Molins & Par\u00e9s aconsegueix condemna de 10 anys en cas d'assassinat - Molins Par\u00e9s - Despacho de Abogados Penalistas en Barcelona | Excelencia y Privacidad\",\"isPartOf\":{\"@id\":\"https:\/\/molinspares.com\/ca\/#website\"},\"datePublished\":\"2025-09-01T07:29:22+00:00\",\"dateModified\":\"2025-09-09T07:50:51+00:00\",\"description\":\"Condemna de 10 anys de pres\u00f3 i mesura de seguretat de 20 anys en un cas d'assassinat dirigit per Molins & Par\u00e9s.\",\"breadcrumb\":{\"@id\":\"https:\/\/molinspares.com\/ca\/sentencia-de-conformitat-en-cas-dassassinat-acusacio-dirigida-per-molins-pares\/#breadcrumb\"},\"inLanguage\":\"ca\",\"potentialAction\":[{\"@type\":\"ReadAction\",\"target\":[\"https:\/\/molinspares.com\/ca\/sentencia-de-conformitat-en-cas-dassassinat-acusacio-dirigida-per-molins-pares\/\"]}]},{\"@type\":\"BreadcrumbList\",\"@id\":\"https:\/\/molinspares.com\/ca\/sentencia-de-conformitat-en-cas-dassassinat-acusacio-dirigida-per-molins-pares\/#breadcrumb\",\"itemListElement\":[{\"@type\":\"ListItem\",\"position\":1,\"name\":\"Portada\",\"item\":\"https:\/\/molinspares.com\/ca\/\"},{\"@type\":\"ListItem\",\"position\":2,\"name\":\"Sent\u00e8ncia de conformitat en cas d&#8217;assassinat: acusaci\u00f3 dirigida per Molins &amp; Par\u00e9s\"}]},{\"@type\":\"WebSite\",\"@id\":\"https:\/\/molinspares.com\/ca\/#website\",\"url\":\"https:\/\/molinspares.com\/ca\/\",\"name\":\"Molins & Par\u00e9s - Despacho de Abogados Penalistas en Barcelona\",\"description\":\"En Molins &amp; Par\u00e9s somos especialistas en derecho penal. Garantizamos la privacidad del cliente y la m\u00e1xima excelencia en cada caso. \u00a1Cont\u00e1ctanos!\",\"publisher\":{\"@id\":\"https:\/\/molinspares.com\/ca\/#organization\"},\"alternateName\":\"Molins & Par\u00e9s\",\"potentialAction\":[{\"@type\":\"SearchAction\",\"target\":{\"@type\":\"EntryPoint\",\"urlTemplate\":\"https:\/\/molinspares.com\/ca\/?s={search_term_string}\"},\"query-input\":{\"@type\":\"PropertyValueSpecification\",\"valueRequired\":true,\"valueName\":\"search_term_string\"}}],\"inLanguage\":\"ca\"},{\"@type\":\"Organization\",\"@id\":\"https:\/\/molinspares.com\/ca\/#organization\",\"name\":\"Molins & Par\u00e9s - Despacho de Abogados Penalistas en Barcelona\",\"alternateName\":\"Molins & Par\u00e9s\",\"url\":\"https:\/\/molinspares.com\/ca\/\",\"logo\":{\"@type\":\"ImageObject\",\"inLanguage\":\"ca\",\"@id\":\"https:\/\/molinspares.com\/ca\/#\/schema\/logo\/image\/\",\"url\":\"https:\/\/molinspares.com\/wp-content\/uploads\/logo_MolinsPares-2.jpg\",\"contentUrl\":\"https:\/\/molinspares.com\/wp-content\/uploads\/logo_MolinsPares-2.jpg\",\"width\":512,\"height\":512,\"caption\":\"Molins & Par\u00e9s - Despacho de Abogados Penalistas en Barcelona\"},\"image\":{\"@id\":\"https:\/\/molinspares.com\/ca\/#\/schema\/logo\/image\/\"},\"sameAs\":[\"https:\/\/www.facebook.com\/profile.php?id=100067944420137\",\"https:\/\/www.linkedin.com\/in\/molins-pars-penal-compliance-44383b65\/\"],\"publishingPrinciples\":\"https:\/\/molinspares.com\/politica-privacidad\/\",\"ownershipFundingInfo\":\"https:\/\/molinspares.com\/politica-privacidad\/\",\"actionableFeedbackPolicy\":\"https:\/\/molinspares.com\/politica-privacidad\/\",\"correctionsPolicy\":\"https:\/\/molinspares.com\/politica-privacidad\/\",\"ethicsPolicy\":\"https:\/\/molinspares.com\/politica-privacidad\/\",\"diversityPolicy\":\"https:\/\/molinspares.com\/politica-privacidad\/\",\"diversityStaffingReport\":\"https:\/\/molinspares.com\/politica-privacidad\/\"},{\"@type\":\"Person\",\"@id\":\"https:\/\/molinspares.com\/ca\/#\/schema\/person\/cc1378767548aa873b6048b9a7b3f1dd\",\"name\":\"Molins&amp;Par\u00e9s\",\"image\":{\"@type\":\"ImageObject\",\"inLanguage\":\"ca\",\"@id\":\"https:\/\/secure.gravatar.com\/avatar\/873d1b1df79338907d31479fd75594758362584c0eee250b6f7bc08184c057ed?s=96&d=mm&r=g\",\"url\":\"https:\/\/secure.gravatar.com\/avatar\/873d1b1df79338907d31479fd75594758362584c0eee250b6f7bc08184c057ed?s=96&d=mm&r=g\",\"contentUrl\":\"https:\/\/secure.gravatar.com\/avatar\/873d1b1df79338907d31479fd75594758362584c0eee250b6f7bc08184c057ed?s=96&d=mm&r=g\",\"caption\":\"Molins&amp;Par\u00e9s\"},\"sameAs\":[\"https:\/\/molinspares.com\"],\"url\":\"https:\/\/molinspares.com\/ca\/author\/martin-lr\/\"}]}<\/script>\n<!-- \/ Yoast SEO Premium plugin. -->","yoast_head_json":{"title":"Molins & Par\u00e9s aconsegueix condemna de 10 anys en cas d'assassinat - Molins Par\u00e9s - Despacho de Abogados Penalistas en Barcelona | Excelencia y Privacidad","description":"Condemna de 10 anys de pres\u00f3 i mesura de seguretat de 20 anys en un cas d'assassinat dirigit per Molins & Par\u00e9s.","robots":{"index":"index","follow":"follow","max-snippet":"max-snippet:-1","max-image-preview":"max-image-preview:large","max-video-preview":"max-video-preview:-1"},"canonical":"https:\/\/molinspares.com\/ca\/sentencia-de-conformitat-en-cas-dassassinat-acusacio-dirigida-per-molins-pares\/","og_locale":"ca_ES","og_type":"article","og_title":"Molins & Par\u00e9s aconsegueix condemna de 10 anys en cas d'assassinat","og_description":"Condemna de 10 anys de pres\u00f3 i mesura de seguretat de 20 anys en un cas d'assassinat dirigit per Molins & Par\u00e9s.","og_url":"https:\/\/molinspares.com\/ca\/sentencia-de-conformitat-en-cas-dassassinat-acusacio-dirigida-per-molins-pares\/","og_site_name":"Molins Par\u00e9s - Despacho de Abogados Penalistas en Barcelona | Excelencia y Privacidad","article_publisher":"https:\/\/www.facebook.com\/profile.php?id=100067944420137","article_published_time":"2025-09-01T07:29:22+00:00","article_modified_time":"2025-09-09T07:50:51+00:00","og_image":[{"width":1200,"height":675,"url":"https:\/\/molinspares.com\/wp-content\/uploads\/Molins-Pares-Abogados-Barcelona-100.png","type":"image\/png"}],"author":"Molins&amp;Par\u00e9s","twitter_card":"summary_large_image","twitter_title":"Sent\u00e8ncia de conformitat en cas d'assassinat: acusaci\u00f3 dirigida per Molins &amp; Par\u00e9s","twitter_misc":{"Escrit per":"Molins&amp;Par\u00e9s","Temps estimat de lectura":"1 minut"},"schema":{"@context":"https:\/\/schema.org","@graph":[{"@type":"Article","@id":"https:\/\/molinspares.com\/ca\/sentencia-de-conformitat-en-cas-dassassinat-acusacio-dirigida-per-molins-pares\/#article","isPartOf":{"@id":"https:\/\/molinspares.com\/ca\/sentencia-de-conformitat-en-cas-dassassinat-acusacio-dirigida-per-molins-pares\/"},"author":{"name":"Molins&amp;Par\u00e9s","@id":"https:\/\/molinspares.com\/ca\/#\/schema\/person\/cc1378767548aa873b6048b9a7b3f1dd"},"headline":"Sent\u00e8ncia de conformitat en cas d&#8217;assassinat: acusaci\u00f3 dirigida per Molins &amp; Par\u00e9s","datePublished":"2025-09-01T07:29:22+00:00","dateModified":"2025-09-09T07:50:51+00:00","mainEntityOfPage":{"@id":"https:\/\/molinspares.com\/ca\/sentencia-de-conformitat-en-cas-dassassinat-acusacio-dirigida-per-molins-pares\/"},"wordCount":172,"commentCount":0,"publisher":{"@id":"https:\/\/molinspares.com\/ca\/#organization"},"articleSection":["Molins&amp;Par\u00e9s"],"inLanguage":"ca","potentialAction":[{"@type":"CommentAction","name":"Comment","target":["https:\/\/molinspares.com\/ca\/sentencia-de-conformitat-en-cas-dassassinat-acusacio-dirigida-per-molins-pares\/#respond"]}]},{"@type":"WebPage","@id":"https:\/\/molinspares.com\/ca\/sentencia-de-conformitat-en-cas-dassassinat-acusacio-dirigida-per-molins-pares\/","url":"https:\/\/molinspares.com\/ca\/sentencia-de-conformitat-en-cas-dassassinat-acusacio-dirigida-per-molins-pares\/","name":"Molins & Par\u00e9s aconsegueix condemna de 10 anys en cas d'assassinat - Molins Par\u00e9s - Despacho de Abogados Penalistas en Barcelona | Excelencia y Privacidad","isPartOf":{"@id":"https:\/\/molinspares.com\/ca\/#website"},"datePublished":"2025-09-01T07:29:22+00:00","dateModified":"2025-09-09T07:50:51+00:00","description":"Condemna de 10 anys de pres\u00f3 i mesura de seguretat de 20 anys en un cas d'assassinat dirigit per Molins & Par\u00e9s.","breadcrumb":{"@id":"https:\/\/molinspares.com\/ca\/sentencia-de-conformitat-en-cas-dassassinat-acusacio-dirigida-per-molins-pares\/#breadcrumb"},"inLanguage":"ca","potentialAction":[{"@type":"ReadAction","target":["https:\/\/molinspares.com\/ca\/sentencia-de-conformitat-en-cas-dassassinat-acusacio-dirigida-per-molins-pares\/"]}]},{"@type":"BreadcrumbList","@id":"https:\/\/molinspares.com\/ca\/sentencia-de-conformitat-en-cas-dassassinat-acusacio-dirigida-per-molins-pares\/#breadcrumb","itemListElement":[{"@type":"ListItem","position":1,"name":"Portada","item":"https:\/\/molinspares.com\/ca\/"},{"@type":"ListItem","position":2,"name":"Sent\u00e8ncia de conformitat en cas d&#8217;assassinat: acusaci\u00f3 dirigida per Molins &amp; Par\u00e9s"}]},{"@type":"WebSite","@id":"https:\/\/molinspares.com\/ca\/#website","url":"https:\/\/molinspares.com\/ca\/","name":"Molins & Par\u00e9s - Despacho de Abogados Penalistas en Barcelona","description":"En Molins &amp; Par\u00e9s somos especialistas en derecho penal. Garantizamos la privacidad del cliente y la m\u00e1xima excelencia en cada caso. \u00a1Cont\u00e1ctanos!","publisher":{"@id":"https:\/\/molinspares.com\/ca\/#organization"},"alternateName":"Molins & Par\u00e9s","potentialAction":[{"@type":"SearchAction","target":{"@type":"EntryPoint","urlTemplate":"https:\/\/molinspares.com\/ca\/?s={search_term_string}"},"query-input":{"@type":"PropertyValueSpecification","valueRequired":true,"valueName":"search_term_string"}}],"inLanguage":"ca"},{"@type":"Organization","@id":"https:\/\/molinspares.com\/ca\/#organization","name":"Molins & Par\u00e9s - Despacho de Abogados Penalistas en Barcelona","alternateName":"Molins & Par\u00e9s","url":"https:\/\/molinspares.com\/ca\/","logo":{"@type":"ImageObject","inLanguage":"ca","@id":"https:\/\/molinspares.com\/ca\/#\/schema\/logo\/image\/","url":"https:\/\/molinspares.com\/wp-content\/uploads\/logo_MolinsPares-2.jpg","contentUrl":"https:\/\/molinspares.com\/wp-content\/uploads\/logo_MolinsPares-2.jpg","width":512,"height":512,"caption":"Molins & Par\u00e9s - Despacho de Abogados Penalistas en Barcelona"},"image":{"@id":"https:\/\/molinspares.com\/ca\/#\/schema\/logo\/image\/"},"sameAs":["https:\/\/www.facebook.com\/profile.php?id=100067944420137","https:\/\/www.linkedin.com\/in\/molins-pars-penal-compliance-44383b65\/"],"publishingPrinciples":"https:\/\/molinspares.com\/politica-privacidad\/","ownershipFundingInfo":"https:\/\/molinspares.com\/politica-privacidad\/","actionableFeedbackPolicy":"https:\/\/molinspares.com\/politica-privacidad\/","correctionsPolicy":"https:\/\/molinspares.com\/politica-privacidad\/","ethicsPolicy":"https:\/\/molinspares.com\/politica-privacidad\/","diversityPolicy":"https:\/\/molinspares.com\/politica-privacidad\/","diversityStaffingReport":"https:\/\/molinspares.com\/politica-privacidad\/"},{"@type":"Person","@id":"https:\/\/molinspares.com\/ca\/#\/schema\/person\/cc1378767548aa873b6048b9a7b3f1dd","name":"Molins&amp;Par\u00e9s","image":{"@type":"ImageObject","inLanguage":"ca","@id":"https:\/\/secure.gravatar.com\/avatar\/873d1b1df79338907d31479fd75594758362584c0eee250b6f7bc08184c057ed?s=96&d=mm&r=g","url":"https:\/\/secure.gravatar.com\/avatar\/873d1b1df79338907d31479fd75594758362584c0eee250b6f7bc08184c057ed?s=96&d=mm&r=g","contentUrl":"https:\/\/secure.gravatar.com\/avatar\/873d1b1df79338907d31479fd75594758362584c0eee250b6f7bc08184c057ed?s=96&d=mm&r=g","caption":"Molins&amp;Par\u00e9s"},"sameAs":["https:\/\/molinspares.com"],"url":"https:\/\/molinspares.com\/ca\/author\/martin-lr\/"}]}},"_links":{"self":[{"href":"https:\/\/molinspares.com\/ca\/wp-json\/wp\/v2\/posts\/7982","targetHints":{"allow":["GET"]}}],"collection":[{"href":"https:\/\/molinspares.com\/ca\/wp-json\/wp\/v2\/posts"}],"about":[{"href":"https:\/\/molinspares.com\/ca\/wp-json\/wp\/v2\/types\/post"}],"author":[{"embeddable":true,"href":"https:\/\/molinspares.com\/ca\/wp-json\/wp\/v2\/users\/1"}],"replies":[{"embeddable":true,"href":"https:\/\/molinspares.com\/ca\/wp-json\/wp\/v2\/comments?post=7982"}],"version-history":[{"count":1,"href":"https:\/\/molinspares.com\/ca\/wp-json\/wp\/v2\/posts\/7982\/revisions"}],"predecessor-version":[{"id":7983,"href":"https:\/\/molinspares.com\/ca\/wp-json\/wp\/v2\/posts\/7982\/revisions\/7983"}],"wp:attachment":[{"href":"https:\/\/molinspares.com\/ca\/wp-json\/wp\/v2\/media?parent=7982"}],"wp:term":[{"taxonomy":"category","embeddable":true,"href":"https:\/\/molinspares.com\/ca\/wp-json\/wp\/v2\/categories?post=7982"},{"taxonomy":"post_tag","embeddable":true,"href":"https:\/\/molinspares.com\/ca\/wp-json\/wp\/v2\/tags?post=7982"}],"curies":[{"name":"wp","href":"https:\/\/api.w.org\/{rel}","templated":true}]}}